{"id":7638,"date":"2021-02-23T10:14:14","date_gmt":"2021-02-23T13:14:14","guid":{"rendered":"http:\/\/dgospel.com.br\/portal\/?p=7638"},"modified":"2021-02-23T10:14:16","modified_gmt":"2021-02-23T13:14:16","slug":"hospital-estadual-de-combate-a-covid-19-completa-seis-meses-de-funcionamento","status":"publish","type":"post","link":"https:\/\/dgospel.com.br\/portal\/index.php\/2021\/02\/23\/hospital-estadual-de-combate-a-covid-19-completa-seis-meses-de-funcionamento\/","title":{"rendered":"Hospital Estadual de Combate \u00e0 Covid-19 completa seis meses de funcionamento"},"content":{"rendered":"\n<p>Custeado pelo Governo do Tocantins e gerenciado pelo Instituto Sa\u00fade e Cidadania (ISAC), o Hospital Estadual de Combate \u00e0 Covid-19 (HECC) completou no domingo, 21, seis meses de funcionamento.&nbsp;Neste per\u00edodo, a unidade&nbsp;j\u00e1 recebeu (at\u00e9 a sexta-feira, 19)&nbsp;571 pacientes, dos quais 376 receberam alta por melhora, 105 foram transferidos para outras unidades hospitalares e 53 foram a \u00f3bitos.<\/p>\n\n\n\n<p>Um dos mais de 300 pacientes&nbsp;que j\u00e1 receberam alta na unidade, o agente de portaria, Francisco Marcos de Souza, de 52 anos, morador de Manaus (AM), disse estar satisfeito com o acolhimento recebido.&nbsp;\u201cQuando soube que vinha para o Tocantins,&nbsp;fiquei tranquilo e com esperan\u00e7a, pois sabia que aqui seria bem tratado, como de fato, fui. Por um milagre de Deus e os cuidados que recebi de toda equipe hospitalar, estou voltando para casa. Venci a Covid-19\u201d, destacou.<\/p>\n\n\n\n<p>Para o secret\u00e1rio de Estado da Sa\u00fade, Edgar Tollini, \u201co trabalho realizado no Hospital Estadual de Combate \u00e0 Covid-19 segue as diretrizes das unidades geridas pelo Executivo Estadual, as quais primam pela qualidade, pela agilidade e pela efici\u00eancia no atendimento \u00e0 popula\u00e7\u00e3o usu\u00e1ria do SUS [Sistema \u00danico de Sa\u00fade], principalmente no que se refere ao combate \u00e0 Covid-19, que \u00e9 uma das nossas prioridades neste momento de pandemia\u201d, afirmou.<\/p>\n\n\n\n<p>Segundo a diretora-geral do HECC, Cynthia Rosa, \u201choje, estamos fazendo seis meses de funcionamento, de entrega, trabalho e muita luta. Come\u00e7amos a trabalhar sem saber o que nos esperava, foi intenso e&nbsp;tivemos algumas perdas, infelizmente. No entanto,&nbsp;trabalhamos muito e tivemos muito \u00eaxito em nosso tratamento, com um protocolo, que se mostrou eficaz. Todos os nossos pacientes saem agradecido a Deus e a nossos colaboradores, que trabalham todos os dias, com muito amor,&nbsp;carinho e empenho\u201d, frisou.<\/p>\n\n\n\n<p>Para a assistente social&nbsp;M\u00e1rcia Regina, \u201ctem sido gratificante e desafiador&nbsp;estar na linha de frente, administrando os sentimentos&nbsp;e atuando&nbsp;no acolhimento das fam\u00edlias, com orienta\u00e7\u00e3o da melhor qualidade, com os parentes que n\u00e3o podem acompanhar os pacientes internados\u201d, pontuou.<\/p>\n\n\n\n<p><strong>O HECC<\/strong><\/p>\n\n\n\n<p>O HECC conta com 60 leitos cl\u00ednicos e dez leitos de Unidade de Terapia Intensiva (UTI), al\u00e9m de uma equipe com 214 profissionais contratados; 40 terceirizados e 53 m\u00e9dicos intensivistas e cl\u00ednicos nas seguintes especialidades: Infectologia, Cardiologia, Radiologia, Nefrologia\/Di\u00e1lise, Ginecologia e Obstetr\u00edcia, Cirurgia-Geral e Anestesiologia.<\/p>\n\n\n\n<p>Nesta segunda-feira, 22, o hospital funciona&nbsp;com 100% de ocupa\u00e7\u00e3o dos leitos de UTI (10\/10)&nbsp;e 62% de lota\u00e7\u00e3o dos leitos cl\u00ednicos (37\/60).<\/p>\n","protected":false},"excerpt":{"rendered":"<p>Custeado pelo Governo do Tocantins e gerenciado pelo Instituto Sa\u00fade e Cidadania (ISAC), o Hospital Estadual de Combate \u00e0 Covid-19 (HECC) completou no domingo, 21, seis meses de funcionamento.&nbsp;Neste per\u00edodo, a unidade&nbsp;j\u00e1 recebeu (at\u00e9 a sexta-feira, 19)&nbsp;571 pacientes, dos quais 376 receberam alta por melhora, 105 foram transferidos para outras unidades hospitalares e 53 foram [&hellip;]<\/p>\n","protected":false},"author":2,"featured_media":7639,"comment_status":"open","ping_status":"open","sticky":false,"template":"","format":"standard","meta":[],"categories":[3],"tags":[13],"_links":{"self":[{"href":"https:\/\/dgospel.com.br\/portal\/index.php\/wp-json\/wp\/v2\/posts\/7638"}],"collection":[{"href":"https:\/\/dgospel.com.br\/portal\/index.php\/wp-json\/wp\/v2\/posts"}],"about":[{"href":"https:\/\/dgospel.com.br\/portal\/index.php\/wp-json\/wp\/v2\/types\/post"}],"author":[{"embeddable":true,"href":"https:\/\/dgospel.com.br\/portal\/index.php\/wp-json\/wp\/v2\/users\/2"}],"replies":[{"embeddable":true,"href":"https:\/\/dgospel.com.br\/portal\/index.php\/wp-json\/wp\/v2\/comments?post=7638"}],"version-history":[{"count":1,"href":"https:\/\/dgospel.com.br\/portal\/index.php\/wp-json\/wp\/v2\/posts\/7638\/revisions"}],"predecessor-version":[{"id":7640,"href":"https:\/\/dgospel.com.br\/portal\/index.php\/wp-json\/wp\/v2\/posts\/7638\/revisions\/7640"}],"wp:featuredmedia":[{"embeddable":true,"href":"https:\/\/dgospel.com.br\/portal\/index.php\/wp-json\/wp\/v2\/media\/7639"}],"wp:attachment":[{"href":"https:\/\/dgospel.com.br\/portal\/index.php\/wp-json\/wp\/v2\/media?parent=7638"}],"wp:term":[{"taxonomy":"category","embeddable":true,"href":"https:\/\/dgospel.com.br\/portal\/index.php\/wp-json\/wp\/v2\/categories?post=7638"},{"taxonomy":"post_tag","embeddable":true,"href":"https:\/\/dgospel.com.br\/portal\/index.php\/wp-json\/wp\/v2\/tags?post=7638"}],"curies":[{"name":"wp","href":"https:\/\/api.w.org\/{rel}","templated":true}]}}