{"id":764,"date":"2018-07-13T11:05:29","date_gmt":"2018-07-13T14:05:29","guid":{"rendered":"http:\/\/dgospel.com.br\/portal\/?p=764"},"modified":"2018-07-13T11:05:29","modified_gmt":"2018-07-13T14:05:29","slug":"jovens-aprendizes-promovem-acao-solidaria-na-casa-de-apoio","status":"publish","type":"post","link":"https:\/\/dgospel.com.br\/portal\/index.php\/2018\/07\/13\/jovens-aprendizes-promovem-acao-solidaria-na-casa-de-apoio\/","title":{"rendered":"Jovens aprendizes promovem a\u00e7\u00e3o solid\u00e1ria na Casa de Apoio"},"content":{"rendered":"<p>Visando o conhecimento t\u00e9cnico de estocagem e tamb\u00e9m exercitar a sensibilidade e a solidariedade, um grupo de jovens aprendizes, alunos de Aprendizagem e Servi\u00e7os de Vendas do Servi\u00e7o Nacional de Aprendizagem Comercial (Senac), promoveu uma a\u00e7\u00e3o solid\u00e1ria na Casa de Apoio Vera L\u00facia Pagani, na manh\u00e3 desta quinta-feira, 12. Esta foi mais uma entre as muitas a\u00e7\u00f5es que foram promovidas nos 12 anos de exist\u00eancia da Casa.<\/p>\n<p>Na ocasi\u00e3o, foram entregues \u00e0 dire\u00e7\u00e3o da Casa diversos produtos de consumo, e produtos de uso pessoal aos h\u00f3spedes. A a\u00e7\u00e3o faz parte do Projeto Integrador (PI) da disciplina Aprendizagem e Servi\u00e7os de Vendas. \u201cA ideia \u00e9 que eles adquirissem conhecimento t\u00e9cnico de estocagem; para isso foram em busca de donativos e desenvolveram o exerc\u00edcio pr\u00e1tico. Os produtos arrecadados deveriam ser doados e eles optaram pela Casa de Apoio\u201d, argumentou Lauanda Ferreira, instrutora da turma.<\/p>\n<p>A aluna de 17 anos, Macielma Santos Ferreira, disse que essa foi a primeira a\u00e7\u00e3o solid\u00e1ria de que participou, mas que a experi\u00eancia foi extremamente prazerosa. \u201cFoi uma amiga que nos indicou a Casa, quando percebemos que os h\u00f3spedes precisam n\u00e3o s\u00f3 de doa\u00e7\u00f5es, mais tamb\u00e9m de uma palavra de conforto e de um olhar solid\u00e1rio, optamos por trazer os donativos para esta institui\u00e7\u00e3o\u201d, disse a aluna.<\/p>\n<p>A diretora da Casa de Apoio, Eliz\u00e2ngela Sardinha, falou da import\u00e2ncia da presen\u00e7a do grupo na institui\u00e7\u00e3o. \u201cOs h\u00f3spedes da Casa est\u00e3o aqui por motivo de doen\u00e7as e perdas, alguns saem daqui com um sinal positivo, mas nem todos; e nesse momento mais que a ajuda material, que tamb\u00e9m \u00e9 muito importante para eles, \u00e9 a palavra desses jovens que d\u00e1 um novo \u00e2nimo e novas esperan\u00e7as para cada um deles\u201d, disse a diretora.<\/p>\n<p>A Casa de Apoio Vera L\u00facia tem oito quartos, sendo quatro masculinos e quatro femininos, que comportam 126 leitos para hospedagens. Diariamente s\u00e3o atendidos entre 60 a 80 pessoas, e somente em 2018 j\u00e1 recebeu mais de 10 mil h\u00f3spedes, vindos dos 139 munic\u00edpios tocantinenses e de outros estados, como Bahia, Maranh\u00e3o, Par\u00e1, Piaui, Mato Grosso e at\u00e9 do Rio Grande do Sul.<\/p>\n<p>O h\u00f3spede da Casa de Apoio, Reginaldo Santana Soares, de Axix\u00e1 do Tocantins, que est\u00e1 acompanhando seu filho de 4 meses em tratamento no Hospital Geral de Palmas, falou sobre a presen\u00e7a dos jovens aprendizes. \u201cS\u00e3o jovens de cora\u00e7\u00f5es muito bons, porque nem todo mundo pode doar seu tempo pra ajudar quem precisa; e aqui estamos longe da fam\u00edlia e as coisas s\u00e3o muito dif\u00edceis pra n\u00f3s\u201d, disse Reginaldo.<\/p>\n<p><span style=\"color: #000000; font-family: Calibri;\">\u00a0<\/span><\/p>\n","protected":false},"excerpt":{"rendered":"<p>Visando o conhecimento t\u00e9cnico de estocagem e tamb\u00e9m exercitar a sensibilidade e a solidariedade, um grupo de jovens aprendizes, alunos de Aprendizagem e Servi\u00e7os de Vendas do Servi\u00e7o Nacional de Aprendizagem Comercial (Senac), promoveu uma a\u00e7\u00e3o solid\u00e1ria na Casa de Apoio Vera L\u00facia Pagani, na manh\u00e3 desta quinta-feira, 12. Esta foi mais uma entre as [&hellip;]<\/p>\n","protected":false},"author":2,"featured_media":765,"comment_status":"open","ping_status":"open","sticky":false,"template":"","format":"standard","meta":[],"categories":[2,3],"tags":[],"_links":{"self":[{"href":"https:\/\/dgospel.com.br\/portal\/index.php\/wp-json\/wp\/v2\/posts\/764"}],"collection":[{"href":"https:\/\/dgospel.com.br\/portal\/index.php\/wp-json\/wp\/v2\/posts"}],"about":[{"href":"https:\/\/dgospel.com.br\/portal\/index.php\/wp-json\/wp\/v2\/types\/post"}],"author":[{"embeddable":true,"href":"https:\/\/dgospel.com.br\/portal\/index.php\/wp-json\/wp\/v2\/users\/2"}],"replies":[{"embeddable":true,"href":"https:\/\/dgospel.com.br\/portal\/index.php\/wp-json\/wp\/v2\/comments?post=764"}],"version-history":[{"count":1,"href":"https:\/\/dgospel.com.br\/portal\/index.php\/wp-json\/wp\/v2\/posts\/764\/revisions"}],"predecessor-version":[{"id":766,"href":"https:\/\/dgospel.com.br\/portal\/index.php\/wp-json\/wp\/v2\/posts\/764\/revisions\/766"}],"wp:featuredmedia":[{"embeddable":true,"href":"https:\/\/dgospel.com.br\/portal\/index.php\/wp-json\/wp\/v2\/media\/765"}],"wp:attachment":[{"href":"https:\/\/dgospel.com.br\/portal\/index.php\/wp-json\/wp\/v2\/media?parent=764"}],"wp:term":[{"taxonomy":"category","embeddable":true,"href":"https:\/\/dgospel.com.br\/portal\/index.php\/wp-json\/wp\/v2\/categories?post=764"},{"taxonomy":"post_tag","embeddable":true,"href":"https:\/\/dgospel.com.br\/portal\/index.php\/wp-json\/wp\/v2\/tags?post=764"}],"curies":[{"name":"wp","href":"https:\/\/api.w.org\/{rel}","templated":true}]}}