{"id":7641,"date":"2021-02-23T10:15:51","date_gmt":"2021-02-23T13:15:51","guid":{"rendered":"http:\/\/dgospel.com.br\/portal\/?p=7641"},"modified":"2021-02-23T10:15:54","modified_gmt":"2021-02-23T13:15:54","slug":"governo-do-tocantins-disponibiliza-vacinometro-da-covid-19-detalhado-por-municipio","status":"publish","type":"post","link":"https:\/\/dgospel.com.br\/portal\/index.php\/2021\/02\/23\/governo-do-tocantins-disponibiliza-vacinometro-da-covid-19-detalhado-por-municipio\/","title":{"rendered":"Governo do Tocantins disponibiliza Vacin\u00f4metro da Covid-19 detalhado por munic\u00edpio"},"content":{"rendered":"\n<p>A popula\u00e7\u00e3o tocantinense poder\u00e1 acompanhar, a partir&nbsp;esta segunda-feira, 22, os dados das vacinas contra Covid-19&nbsp;recebidas e aplicadas por cada munic\u00edpio tocantinense. O&nbsp;<em>Vacin\u00f4metro<\/em>, disponibilizado pela Secretaria de Estado da Sa\u00fade (SES), detalha&nbsp;quantidade de doses recebidas, p\u00fablico-alvo vacinado, idade, profiss\u00e3o, sexo e&nbsp;ranking dos munic\u00edpios por dose aplicada.<\/p>\n\n\n\n<p>O vacin\u00f4metro pode ser acessado no site:&nbsp;<a href=\"http:\/\/integra.saude.to.gov.br\/covid19\/Vacinometro\" target=\"_blank\" rel=\"noreferrer noopener\">http:\/\/integra.saude.to.gov.br\/covid19\/Vacinometro<\/a>.<\/p>\n\n\n\n<p>\u201cA ferramenta retira os dados do sistema oficial do Minist\u00e9rio da Sa\u00fade, que s\u00e3o alimentados pelas equipes municipais de sa\u00fade. Quanto mais r\u00e1pidas&nbsp;forem a aplica\u00e7\u00e3o e a alimenta\u00e7\u00e3o do sistema, mais fidedigna ser\u00e1 a informa\u00e7\u00e3o para a popula\u00e7\u00e3o, demonstrando confiabilidade e transpar\u00eancia no processo de vacina\u00e7\u00e3o da popula\u00e7\u00e3o\u201d, afirmou o secret\u00e1rio de Estado da Sa\u00fade, Edgar Tollini.<\/p>\n\n\n\n<p><strong>Doses<\/strong><\/p>\n\n\n\n<p>At\u00e9 o momento, segundo dados extra\u00eddos do&nbsp;<em>Vacin\u00f4metro<\/em>&nbsp;na manh\u00e3 desta segunda-feira, 22,&nbsp;o Tocantins recebeu 106.500 doses de vacina, das quais 69.013 foram distribu\u00eddas aos munic\u00edpios, sendo retidas o quantitativo da reserva t\u00e9cnica e as doses destinadas para aplica\u00e7\u00e3o da 2\u00aa dose da \u00faltima remessa recebida, conforme recomenda\u00e7\u00f5es do Minist\u00e9rio da Sa\u00fade. Atualmente, j\u00e1 foram aplicadas 37.414 doses da vacina, sendo 34.694 da 1\u00aa dose e 2.720 da 2\u00aa dose.<\/p>\n\n\n\n<p>De acordo com a gerente de Imuniza\u00e7\u00e3o da SES, Diandra Rocha, as doses distribu\u00eddas, at\u00e9 ent\u00e3o, foram destinadas para aplica\u00e7\u00e3o nos grupos priorit\u00e1rios, que compreendem os idosos residentes em institui\u00e7\u00f5es de longa perman\u00eancia, ind\u00edgenas que moram em aldeias, profissionais de sa\u00fade que atuam na linha de frente de combate \u00e0 Covid-19 e idosos com mais de 80 anos.<\/p>\n\n\n\n<p><strong>Dados epidemiol\u00f3gicos<\/strong><\/p>\n\n\n\n<p>O Tocantins j\u00e1 registra um total de 110.077 casos confirmados da Covid-19. Destes, 99.936 pacientes est\u00e3o recuperados e 8.656 est\u00e3o ainda ativos (em isolamento domiciliar ou hospitalar), al\u00e9m de 1.485 \u00f3bitos.<\/p>\n","protected":false},"excerpt":{"rendered":"<p>A popula\u00e7\u00e3o tocantinense poder\u00e1 acompanhar, a partir&nbsp;esta segunda-feira, 22, os dados das vacinas contra Covid-19&nbsp;recebidas e aplicadas por cada munic\u00edpio tocantinense. O&nbsp;Vacin\u00f4metro, disponibilizado pela Secretaria de Estado da Sa\u00fade (SES), detalha&nbsp;quantidade de doses recebidas, p\u00fablico-alvo vacinado, idade, profiss\u00e3o, sexo e&nbsp;ranking dos munic\u00edpios por dose aplicada. O vacin\u00f4metro pode ser acessado no site:&nbsp;http:\/\/integra.saude.to.gov.br\/covid19\/Vacinometro. \u201cA ferramenta retira [&hellip;]<\/p>\n","protected":false},"author":2,"featured_media":7642,"comment_status":"open","ping_status":"open","sticky":false,"template":"","format":"standard","meta":[],"categories":[3],"tags":[13],"_links":{"self":[{"href":"https:\/\/dgospel.com.br\/portal\/index.php\/wp-json\/wp\/v2\/posts\/7641"}],"collection":[{"href":"https:\/\/dgospel.com.br\/portal\/index.php\/wp-json\/wp\/v2\/posts"}],"about":[{"href":"https:\/\/dgospel.com.br\/portal\/index.php\/wp-json\/wp\/v2\/types\/post"}],"author":[{"embeddable":true,"href":"https:\/\/dgospel.com.br\/portal\/index.php\/wp-json\/wp\/v2\/users\/2"}],"replies":[{"embeddable":true,"href":"https:\/\/dgospel.com.br\/portal\/index.php\/wp-json\/wp\/v2\/comments?post=7641"}],"version-history":[{"count":1,"href":"https:\/\/dgospel.com.br\/portal\/index.php\/wp-json\/wp\/v2\/posts\/7641\/revisions"}],"predecessor-version":[{"id":7643,"href":"https:\/\/dgospel.com.br\/portal\/index.php\/wp-json\/wp\/v2\/posts\/7641\/revisions\/7643"}],"wp:featuredmedia":[{"embeddable":true,"href":"https:\/\/dgospel.com.br\/portal\/index.php\/wp-json\/wp\/v2\/media\/7642"}],"wp:attachment":[{"href":"https:\/\/dgospel.com.br\/portal\/index.php\/wp-json\/wp\/v2\/media?parent=7641"}],"wp:term":[{"taxonomy":"category","embeddable":true,"href":"https:\/\/dgospel.com.br\/portal\/index.php\/wp-json\/wp\/v2\/categories?post=7641"},{"taxonomy":"post_tag","embeddable":true,"href":"https:\/\/dgospel.com.br\/portal\/index.php\/wp-json\/wp\/v2\/tags?post=7641"}],"curies":[{"name":"wp","href":"https:\/\/api.w.org\/{rel}","templated":true}]}}