{"id":7644,"date":"2021-02-23T15:44:49","date_gmt":"2021-02-23T18:44:49","guid":{"rendered":"http:\/\/dgospel.com.br\/portal\/?p=7644"},"modified":"2021-02-23T15:44:50","modified_gmt":"2021-02-23T18:44:50","slug":"camara-suspende-sessoes-por-15-dias-e-estabelece-escala-de-revezamento-de-servidores-para-servico-interno","status":"publish","type":"post","link":"https:\/\/dgospel.com.br\/portal\/index.php\/2021\/02\/23\/camara-suspende-sessoes-por-15-dias-e-estabelece-escala-de-revezamento-de-servidores-para-servico-interno\/","title":{"rendered":"C\u00e2mara suspende sess\u00f5es por 15 dias e estabelece escala de revezamento de servidores para servi\u00e7o interno"},"content":{"rendered":"\n<p> A C\u00e2mara Municipal de Palmas aprovou na manh\u00e3 desta ter\u00e7a-feira, 23, a suspens\u00e3o das sess\u00f5es parlamentares por 15 dias, al\u00e9m de a ado\u00e7\u00e3o de escala de revezamento de servidores para atendimento das demandas de servi\u00e7o interno da Casa e gabinetes. O requerimento foi apresentado pela presidente da Casa, Professora Janad Valcari (PODE). <\/p>\n\n\n\n<p>Professora Janad Valcari explicou que a suspens\u00e3o visa preservar servidores e fam\u00edlias, assim como a sociedade que adentra a Casa e gabinetes, refor\u00e7ando que os parlamentares seguir\u00e3o com seus trabalhos. Ao usar a tribuna, a parlamentar disse se preocupar com vidas e constru\u00e7\u00e3o de um hospital de campanha e outras medidas. \u201cEstamos fazendo a nossa parte, que \u00e9 fiscalizar. Quero perguntar para onde foram os mais de 42 milh\u00f5es que consta no portal do Senado, porque at\u00e9 hoje n\u00e3o temos um hospital municipal. Um ano se passou e n\u00e3o foi constru\u00eddo nenhum hospital de campanha. \u2018Ah, mas foi requisitado leitos de UTI\u2019. Requisitar o que j\u00e1 temos, o que j\u00e1 \u00e9 nosso? Temos que fazer mais, ofertar mais leitos\u201d, analisou.<\/p>\n\n\n\n<p>Os vereadores Filipe Martins (PSDB), Jucelino (PSDB), Eudes Assis (PSDB), Waldson da Agesp (AVANTE), Joatan (CIDADANIA), M\u00e1rcio Reis (PSL), Rogerio Freitas (MDB), Professora Iolanda Castro (PROS), Mauro Lacerda (PSB), Moisemar Marinho (PDT), Junior Bras\u00e3o (PSB), Pedro Cardoso (DEM), Solange Duaillibe (PT) e Rubens Uch\u00f4a (CIDADANIA) se manifestaram na sess\u00e3o para pedir a subscri\u00e7\u00e3o do requerimento.<\/p>\n\n\n\n<p><strong>Audi\u00eancia P\u00fablica<\/strong><\/p>\n\n\n\n<p>A Audi\u00eancia P\u00fablica de Presta\u00e7\u00e3o de Contas da Sa\u00fade referentes ao 3\u00ba Quadrimestre do Exerc\u00edcio de 2020 tamb\u00e9m foi adiada e ter\u00e1 uma nova data marcada posteriormente.<\/p>\n","protected":false},"excerpt":{"rendered":"<p>A C\u00e2mara Municipal de Palmas aprovou na manh\u00e3 desta ter\u00e7a-feira, 23, a suspens\u00e3o das sess\u00f5es parlamentares por 15 dias, al\u00e9m de a ado\u00e7\u00e3o de escala de revezamento de servidores para atendimento das demandas de servi\u00e7o interno da Casa e gabinetes. O requerimento foi apresentado pela presidente da Casa, Professora Janad Valcari (PODE). Professora Janad Valcari [&hellip;]<\/p>\n","protected":false},"author":2,"featured_media":7645,"comment_status":"open","ping_status":"open","sticky":false,"template":"","format":"standard","meta":[],"categories":[8],"tags":[],"_links":{"self":[{"href":"https:\/\/dgospel.com.br\/portal\/index.php\/wp-json\/wp\/v2\/posts\/7644"}],"collection":[{"href":"https:\/\/dgospel.com.br\/portal\/index.php\/wp-json\/wp\/v2\/posts"}],"about":[{"href":"https:\/\/dgospel.com.br\/portal\/index.php\/wp-json\/wp\/v2\/types\/post"}],"author":[{"embeddable":true,"href":"https:\/\/dgospel.com.br\/portal\/index.php\/wp-json\/wp\/v2\/users\/2"}],"replies":[{"embeddable":true,"href":"https:\/\/dgospel.com.br\/portal\/index.php\/wp-json\/wp\/v2\/comments?post=7644"}],"version-history":[{"count":1,"href":"https:\/\/dgospel.com.br\/portal\/index.php\/wp-json\/wp\/v2\/posts\/7644\/revisions"}],"predecessor-version":[{"id":7646,"href":"https:\/\/dgospel.com.br\/portal\/index.php\/wp-json\/wp\/v2\/posts\/7644\/revisions\/7646"}],"wp:featuredmedia":[{"embeddable":true,"href":"https:\/\/dgospel.com.br\/portal\/index.php\/wp-json\/wp\/v2\/media\/7645"}],"wp:attachment":[{"href":"https:\/\/dgospel.com.br\/portal\/index.php\/wp-json\/wp\/v2\/media?parent=7644"}],"wp:term":[{"taxonomy":"category","embeddable":true,"href":"https:\/\/dgospel.com.br\/portal\/index.php\/wp-json\/wp\/v2\/categories?post=7644"},{"taxonomy":"post_tag","embeddable":true,"href":"https:\/\/dgospel.com.br\/portal\/index.php\/wp-json\/wp\/v2\/tags?post=7644"}],"curies":[{"name":"wp","href":"https:\/\/api.w.org\/{rel}","templated":true}]}}