{"id":7650,"date":"2021-02-24T09:47:42","date_gmt":"2021-02-24T12:47:42","guid":{"rendered":"http:\/\/dgospel.com.br\/portal\/?p=7650"},"modified":"2021-02-24T09:47:43","modified_gmt":"2021-02-24T12:47:43","slug":"governador-carlesse-determina-a-implantacao-de-mais-16-utis-covid-em-palmas-e-20-em-gurupi","status":"publish","type":"post","link":"https:\/\/dgospel.com.br\/portal\/index.php\/2021\/02\/24\/governador-carlesse-determina-a-implantacao-de-mais-16-utis-covid-em-palmas-e-20-em-gurupi\/","title":{"rendered":"Governador Carlesse determina a implanta\u00e7\u00e3o de mais 16 UTIs Covid em Palmas e 20 em Gurupi"},"content":{"rendered":"\n<p>O governador do Estado do Tocantins, Mauro Carlesse, determinou \u00e0 Secretaria de Estado da Sa\u00fade, nesta ter\u00e7a-feira, 23, que tome todas as provid\u00eancias necess\u00e1rias para a instala\u00e7\u00e3o de 16 novos leitos de UTI Covid (Unidade de Terapia Intensiva) no Hospital Geral de Palmas e outros 20 no Hospital Geral de Gurupi.<\/p>\n\n\n\n<p>A decis\u00e3o do governador Mauro Carlesse se baseia no aumento do n\u00famero de leitos ocupados nos hospitais estaduais, que ultrapassou a marca de 70% e tamb\u00e9m por conta da ocupa\u00e7\u00e3o total dos leitos da rede privada.<\/p>\n\n\n\n<p>\u201cMesmo o Governo Estadual sendo o respons\u00e1vel por 95% dos leitos Covid no Tocantins, n\u00f3s n\u00e3o paramos um dia sequer de trabalhar e de monitorar a situa\u00e7\u00e3o. E como estamos vendo aumentar a demanda, vamos aumentar os leitos, pois precisamos atender a nossa popula\u00e7\u00e3o na hora que precisar. Quem est\u00e1 doente n\u00e3o pode ficar esperando um leito, j\u00e1 tem que estar pronto\u201d, afirma o Governador.<\/p>\n\n\n\n<p><strong>Gurupi<\/strong><\/p>\n\n\n\n<p>Outra determina\u00e7\u00e3o do governador Mauro Carlesse \u00e9 que os leitos cl\u00ednicos implantados no Hospital Geral de Gurupi sejam preparados para a instala\u00e7\u00e3o de mais 20 leitos de UTI. \u201c\u00c9 mais uma medida para que nossa popula\u00e7\u00e3o seja atendida. A estrutura do HGG \u00e9 muito boa, os leitos est\u00e3o prontos e podem ser transformados em mais 20 leitos de UTI. Nossa inten\u00e7\u00e3o e o nosso planejamento s\u00e3o para que a rede de sa\u00fade do Estado esteja preparada e nosso povo seja atendido quando precisar\u201d, destaca.<\/p>\n\n\n\n<p>Desde o in\u00edcio da pandemia, em mar\u00e7o de 2020, o Governo do Tocantins implantou 365 leitos Covid nos hospitais estaduais e tamb\u00e9m por meio de contrata\u00e7\u00e3o de leitos na rede privada, todos atendendo pacientes do Sistema \u00danico de Sa\u00fade (SUS). Destes, 138 leitos s\u00e3o de UTI. Assim que os 16 leitos do HGP e os 20 leitos do HGG estiverem em opera\u00e7\u00e3o, o Tocantins chegar\u00e1 a 174 leitos de UTI exclusivos para o tratamento da Covid-19, todos sob a gest\u00e3o estadual.<\/p>\n\n\n\n<p><strong>Protocolos de Seguran\u00e7a<\/strong><\/p>\n\n\n\n<p>Al\u00e9m da constante amplia\u00e7\u00e3o no n\u00famero de leitos Covid, o Governo do Tocantins prossegue orientando a popula\u00e7\u00e3o a manter o distanciamento social, usar m\u00e1scaras, manter h\u00e1bitos de higiene e que n\u00e3o promovam qualquer tipo de aglomera\u00e7\u00e3o. \u201cTodos t\u00eam que fazer sua parte. A parte do Governo \u00e9 atender a popula\u00e7\u00e3o e a dos cidad\u00e3os \u00e9 evitar que o v\u00edrus se espalhe ainda mais. Se todos ajudarem, vamos vencer logo essa pandemia\u201d, finaliza.<\/p>\n","protected":false},"excerpt":{"rendered":"<p>O governador do Estado do Tocantins, Mauro Carlesse, determinou \u00e0 Secretaria de Estado da Sa\u00fade, nesta ter\u00e7a-feira, 23, que tome todas as provid\u00eancias necess\u00e1rias para a instala\u00e7\u00e3o de 16 novos leitos de UTI Covid (Unidade de Terapia Intensiva) no Hospital Geral de Palmas e outros 20 no Hospital Geral de Gurupi. A decis\u00e3o do governador [&hellip;]<\/p>\n","protected":false},"author":2,"featured_media":7651,"comment_status":"open","ping_status":"open","sticky":false,"template":"","format":"standard","meta":[],"categories":[4],"tags":[13],"_links":{"self":[{"href":"https:\/\/dgospel.com.br\/portal\/index.php\/wp-json\/wp\/v2\/posts\/7650"}],"collection":[{"href":"https:\/\/dgospel.com.br\/portal\/index.php\/wp-json\/wp\/v2\/posts"}],"about":[{"href":"https:\/\/dgospel.com.br\/portal\/index.php\/wp-json\/wp\/v2\/types\/post"}],"author":[{"embeddable":true,"href":"https:\/\/dgospel.com.br\/portal\/index.php\/wp-json\/wp\/v2\/users\/2"}],"replies":[{"embeddable":true,"href":"https:\/\/dgospel.com.br\/portal\/index.php\/wp-json\/wp\/v2\/comments?post=7650"}],"version-history":[{"count":1,"href":"https:\/\/dgospel.com.br\/portal\/index.php\/wp-json\/wp\/v2\/posts\/7650\/revisions"}],"predecessor-version":[{"id":7652,"href":"https:\/\/dgospel.com.br\/portal\/index.php\/wp-json\/wp\/v2\/posts\/7650\/revisions\/7652"}],"wp:featuredmedia":[{"embeddable":true,"href":"https:\/\/dgospel.com.br\/portal\/index.php\/wp-json\/wp\/v2\/media\/7651"}],"wp:attachment":[{"href":"https:\/\/dgospel.com.br\/portal\/index.php\/wp-json\/wp\/v2\/media?parent=7650"}],"wp:term":[{"taxonomy":"category","embeddable":true,"href":"https:\/\/dgospel.com.br\/portal\/index.php\/wp-json\/wp\/v2\/categories?post=7650"},{"taxonomy":"post_tag","embeddable":true,"href":"https:\/\/dgospel.com.br\/portal\/index.php\/wp-json\/wp\/v2\/tags?post=7650"}],"curies":[{"name":"wp","href":"https:\/\/api.w.org\/{rel}","templated":true}]}}