{"id":7653,"date":"2021-02-24T09:49:39","date_gmt":"2021-02-24T12:49:39","guid":{"rendered":"http:\/\/dgospel.com.br\/portal\/?p=7653"},"modified":"2021-02-24T09:49:40","modified_gmt":"2021-02-24T12:49:40","slug":"wanderlei-barbosa-pede-antecipacao-de-agenda-de-combate-as-queimadas-em-reuniao-com-hamilton-mourao","status":"publish","type":"post","link":"https:\/\/dgospel.com.br\/portal\/index.php\/2021\/02\/24\/wanderlei-barbosa-pede-antecipacao-de-agenda-de-combate-as-queimadas-em-reuniao-com-hamilton-mourao\/","title":{"rendered":"Wanderlei Barbosa pede antecipa\u00e7\u00e3o de agenda de combate \u00e0s queimadas em reuni\u00e3o com Hamilton Mour\u00e3o"},"content":{"rendered":"\n<p>\u201cAeronaves adequadas para o combate \u00e0s queimadas e manuten\u00e7\u00e3o do Tocantins na Opera\u00e7\u00e3o Verde Brasil 2, que visa combater crimes ambientais e focos de inc\u00eandio na Amaz\u00f4nia Legal\u201d. Essa foi a principal reivindica\u00e7\u00e3o do vice-governador do Estado do Tocantins, Wanderlei Barbosa, durante reuni\u00e3o realizada nesta ter\u00e7a-feira, 23, por videoconfer\u00eancia, com o presidente do Conselho Nacional da Amaz\u00f4nia Legal e vice-presidente da Rep\u00fablica, Hamilton Mour\u00e3o, e com governadores da Amaz\u00f4nia Legal. A reuni\u00e3o tratou da continuidade das a\u00e7\u00f5es do Conselho com foco no Plano Amaz\u00f4nia 2021\/2022.<\/p>\n\n\n\n<p>O vice-governador tocantinense afirmou que as queimadas representam uma grande preocupa\u00e7\u00e3o do Governo do Tocantins, mas gra\u00e7as \u00e0&nbsp;pol\u00edtica adotada pela atual gest\u00e3o, integrada com \u00f3rg\u00e3os e institui\u00e7\u00f5es, foi poss\u00edvel reduzir significativamente esse fator na regi\u00e3o. Wanderlei Barbosa fez men\u00e7\u00e3o \u00e0 atua\u00e7\u00e3o integrada dos \u00f3rg\u00e3os ambientais e de defesa civil do Tocantins, com as For\u00e7as Armadas, representadas por destacamentos do Ex\u00e9rcito e da Marinha, e com o Instituto Brasileiro de Meio Ambiente e Recursos Naturais Renov\u00e1veis (Ibama).<\/p>\n\n\n\n<p>Segundo o vice-governador, o trabalho conjunto resultou na redu\u00e7\u00e3o de 16% dos focos de calor por queimadas em 2020. Para ele, \u00e9 necess\u00e1rio que haja antecipa\u00e7\u00e3o da agenda de combate aos inc\u00eandios florestais no Tocantins, para que o Estado minimize a incid\u00eancia de focos de calor em 2021. \u201cQueremos antecipar essa agenda. Que o Ex\u00e9rcito adiante para n\u00f3s a agenda e que nos ajude mais cedo, para que possamos reduzir ainda mais esses \u00edndices\u201d, pontuou.<\/p>\n\n\n\n<p>O vice-governador tamb\u00e9m destacou que o Tocantins conta com um bioma diferente, com predomin\u00e2ncia do Cerrado, que tem uma tend\u00eancia muito grande para a queimada. \u201cO Tocantins \u00e9 diferente nesse aspecto. O bioma amaz\u00f4nico representa apenas 11% do nosso territ\u00f3rio, o restante \u00e9 Cerrado, que tem uma tend\u00eancia muito grande para a queimada, principalmente em virtude do longo per\u00edodo de veraneio e sol muito forte, o que facilita a incid\u00eancia dos inc\u00eandios\u201d, enfatizou, completando que s\u00e3o realizadas campanhas para a popula\u00e7\u00e3o se conscientizar da necessidade de evitar qualquer tipo de queimada.<\/p>\n\n\n\n<p>Wanderlei Barbosa ressaltou&nbsp;ainda&nbsp;que, por orienta\u00e7\u00e3o do Governo do Estado, os \u00f3rg\u00e3os ambientais t\u00eam dedicado aten\u00e7\u00e3o especial sobre a quest\u00e3o do desmatamento ilegal, produzindo bons resultados no combate a esse crime ambiental. \u201cO Governo do Tocantins leva a s\u00e9rio essa agenda ambiental e nos colocamos \u00e0 disposi\u00e7\u00e3o. Sabemos a preocupa\u00e7\u00e3o de todos os governadores e do vice-presidente Mour\u00e3o, que tem realizado um trabalho muito bom na regi\u00e3o\u201d, frisou.<\/p>\n\n\n\n<p>Por sua vez, o vice-presidente Hamilton Mour\u00e3o destacou a atua\u00e7\u00e3o ambiental do Governo do Tocantins e informou que j\u00e1 est\u00e1 em curso uma cartilha com os pontos do programa Verde Brasil. O presidente do Conselho Nacional da Amaz\u00f4nia Legal considera que a execu\u00e7\u00e3o de todas as a\u00e7\u00f5es previstas pelo programa&nbsp;resultar\u00e1&nbsp;em um grande avan\u00e7o para combater as queimadas.<\/p>\n\n\n\n<p><strong>Verde Brasil<\/strong><\/p>\n\n\n\n<p>A Opera\u00e7\u00e3o Verde Brasil 2 tem como objetivo combater crimes ambientais e focos de inc\u00eandio na Amaz\u00f4nia Legal. O combate \u00e0s ilegalidades na regi\u00e3o \u00e9 uma das propostas imediatas do Conselho Nacional da Amaz\u00f4nia Legal, coordenado pelo vice-presidente Hamilton Mour\u00e3o. A opera\u00e7\u00e3o envolve diversos \u00f3rg\u00e3os federais e foi planejada com base no Decreto n\u00b0&nbsp;10.341, de 6 de maio de 2020, assinado pelo Presidente Jair Bolsonaro, que autoriza o emprego das For\u00e7as Armadas na Garantia da Lei e da Ordem (GLO), com os objetivos de prevenir e reprimir delitos ambientais, bem como combater focos de inc\u00eandio.<\/p>\n\n\n\n<p>Participaram da videoconfer\u00eancia governadores, vice-governadores e representantes dos nove estados que comp\u00f5em a Amaz\u00f4nia Legal. O secret\u00e1rio-chefe do Gabinete do Governo do Tocantins, Sebasti\u00e3o Albuquerque, tamb\u00e9m acompanhou a reuni\u00e3o.<\/p>\n","protected":false},"excerpt":{"rendered":"<p>\u201cAeronaves adequadas para o combate \u00e0s queimadas e manuten\u00e7\u00e3o do Tocantins na Opera\u00e7\u00e3o Verde Brasil 2, que visa combater crimes ambientais e focos de inc\u00eandio na Amaz\u00f4nia Legal\u201d. Essa foi a principal reivindica\u00e7\u00e3o do vice-governador do Estado do Tocantins, Wanderlei Barbosa, durante reuni\u00e3o realizada nesta ter\u00e7a-feira, 23, por videoconfer\u00eancia, com o presidente do Conselho Nacional [&hellip;]<\/p>\n","protected":false},"author":2,"featured_media":7654,"comment_status":"open","ping_status":"open","sticky":false,"template":"","format":"standard","meta":[],"categories":[3],"tags":[13],"_links":{"self":[{"href":"https:\/\/dgospel.com.br\/portal\/index.php\/wp-json\/wp\/v2\/posts\/7653"}],"collection":[{"href":"https:\/\/dgospel.com.br\/portal\/index.php\/wp-json\/wp\/v2\/posts"}],"about":[{"href":"https:\/\/dgospel.com.br\/portal\/index.php\/wp-json\/wp\/v2\/types\/post"}],"author":[{"embeddable":true,"href":"https:\/\/dgospel.com.br\/portal\/index.php\/wp-json\/wp\/v2\/users\/2"}],"replies":[{"embeddable":true,"href":"https:\/\/dgospel.com.br\/portal\/index.php\/wp-json\/wp\/v2\/comments?post=7653"}],"version-history":[{"count":1,"href":"https:\/\/dgospel.com.br\/portal\/index.php\/wp-json\/wp\/v2\/posts\/7653\/revisions"}],"predecessor-version":[{"id":7655,"href":"https:\/\/dgospel.com.br\/portal\/index.php\/wp-json\/wp\/v2\/posts\/7653\/revisions\/7655"}],"wp:featuredmedia":[{"embeddable":true,"href":"https:\/\/dgospel.com.br\/portal\/index.php\/wp-json\/wp\/v2\/media\/7654"}],"wp:attachment":[{"href":"https:\/\/dgospel.com.br\/portal\/index.php\/wp-json\/wp\/v2\/media?parent=7653"}],"wp:term":[{"taxonomy":"category","embeddable":true,"href":"https:\/\/dgospel.com.br\/portal\/index.php\/wp-json\/wp\/v2\/categories?post=7653"},{"taxonomy":"post_tag","embeddable":true,"href":"https:\/\/dgospel.com.br\/portal\/index.php\/wp-json\/wp\/v2\/tags?post=7653"}],"curies":[{"name":"wp","href":"https:\/\/api.w.org\/{rel}","templated":true}]}}