{"id":7659,"date":"2021-02-24T09:53:38","date_gmt":"2021-02-24T12:53:38","guid":{"rendered":"http:\/\/dgospel.com.br\/portal\/?p=7659"},"modified":"2021-02-24T09:53:39","modified_gmt":"2021-02-24T12:53:39","slug":"defesa-civil-estadual-define-regras-para-as-brigadas-de-combate-a-incendio","status":"publish","type":"post","link":"https:\/\/dgospel.com.br\/portal\/index.php\/2021\/02\/24\/defesa-civil-estadual-define-regras-para-as-brigadas-de-combate-a-incendio\/","title":{"rendered":"Defesa Civil Estadual define regras para as Brigadas de Combate a Inc\u00eandio"},"content":{"rendered":"\n<p>O Governo do Tocantins, por meio do Corpo de Bombeiros Militar e Defesa Civil Estadual, j\u00e1 tem definidas as regras para as Prefeituras que v\u00e3o formalizar as Brigadas de Combate a Inc\u00eandio em 2021. A Portaria com as especifica\u00e7\u00f5es foi publicada nessa ter\u00e7a-feira, 23, no Di\u00e1rio Oficial.<\/p>\n\n\n\n<p>Com a pandemia da Covid-19, o documento \u00e9 um passo a passo para que os brigadistas sejam, al\u00e9m de contratados, formados para a miss\u00e3o durante o per\u00edodo de combate \u00e0s queimadas urbanas e rurais no Tocantins.<\/p>\n\n\n\n<p>Entre as regras definidas, est\u00e1 a que garante \u00e0s Prefeituras o poder de recontratar quem j\u00e1 atuou em 2019 e 2020, sem a necessidade de uma nova participa\u00e7\u00e3o no curso de Forma\u00e7\u00e3o de Brigadista junto \u00e0 Defesa Civil Estadual.<\/p>\n\n\n\n<p>\u201cEssa medida tem uma grande import\u00e2ncia para a corpora\u00e7\u00e3o e para os munic\u00edpios, pois vai refletir em economia para todos, visto que, assim, n\u00e3o teremos a necessidade de executar boa parte dos gastos com capacita\u00e7\u00e3o e poderemos contar com centenas de brigadistas que j\u00e1 est\u00e3o preparados para a lida\u201d, afirmou o coronel Reginaldo Leandro da Silva, comandante geral do Corpo de Bombeiros Militar e coordenador estadual de Prote\u00e7\u00e3o e Defesa Civil.<\/p>\n\n\n\n<p>Um levantamento da Defesa Civil Estadual revela que 815 brigadistas treinados ainda em 2019, poder\u00e3o ser recontratados pelas Prefeituras, agora, em 2021. E o mesmo vale para quem j\u00e1 fez parte das Brigadas em 2020. S\u00e3o cerca de 600 homens em condi\u00e7\u00f5es de atuar.<\/p>\n\n\n\n<p>Ao todo, ano passado, foram capacitados pela Defesa Civil 348 brigadistas contratados pelas Prefeituras, 218 ligados ao Ex\u00e9rcito Brasileiro (Palmas), e 75 ligados \u00e0 Marinha do Brasil.<\/p>\n\n\n\n<p>\u201cEstamos dizendo aos munic\u00edpios que h\u00e1 pessoas prontas e n\u00f3s n\u00e3o precisamos ir \u00e0s cidades formar as brigadas. S\u00e3o centenas de homens aptos para o combate. \u00c9 uma op\u00e7\u00e3o que estamos sugerindo, mas se a Prefeitura quiser contratar novos brigadistas, ela ter\u00e1 que solicitar nova capacita\u00e7\u00e3o e n\u00f3s vamos ofertar o curso para aqueles que n\u00e3o est\u00e3o na rela\u00e7\u00e3o disponibilizada\u201d, explicou o tenente-coronel Erisvaldo Alves, coordenador-adjunto da Defesa Civil Estadual.<\/p>\n\n\n\n<p>Entre alguns crit\u00e9rios para os interessados em ser brigadistas, a Portaria define que \u00e9 preciso ter idade entre 18 e 50 anos, ser alfabetizado e ser capaz de executar as atividades em campo.<\/p>\n\n\n\n<p>Na fase preparat\u00f3ria das brigadas, cada integrante participa das aulas te\u00f3ricas e pr\u00e1ticas, com conte\u00fados relacionados \u00e0 preven\u00e7\u00e3o e combate a inc\u00eandio, t\u00e9cnicas de combate, conceito do fogo, primeiros socorros, entre outros. Ao todo s\u00e3o 24 horas de capacita\u00e7\u00e3o, sendo que o aproveitamento m\u00ednimo de cada um dever\u00e1 ser de 70%. \u00c0 Prefeitura cabe cuidar de toda a parte log\u00edstica relacionada ao curso.<\/p>\n","protected":false},"excerpt":{"rendered":"<p>O Governo do Tocantins, por meio do Corpo de Bombeiros Militar e Defesa Civil Estadual, j\u00e1 tem definidas as regras para as Prefeituras que v\u00e3o formalizar as Brigadas de Combate a Inc\u00eandio em 2021. A Portaria com as especifica\u00e7\u00f5es foi publicada nessa ter\u00e7a-feira, 23, no Di\u00e1rio Oficial. Com a pandemia da Covid-19, o documento \u00e9 [&hellip;]<\/p>\n","protected":false},"author":2,"featured_media":7660,"comment_status":"open","ping_status":"open","sticky":false,"template":"","format":"standard","meta":[],"categories":[3],"tags":[],"_links":{"self":[{"href":"https:\/\/dgospel.com.br\/portal\/index.php\/wp-json\/wp\/v2\/posts\/7659"}],"collection":[{"href":"https:\/\/dgospel.com.br\/portal\/index.php\/wp-json\/wp\/v2\/posts"}],"about":[{"href":"https:\/\/dgospel.com.br\/portal\/index.php\/wp-json\/wp\/v2\/types\/post"}],"author":[{"embeddable":true,"href":"https:\/\/dgospel.com.br\/portal\/index.php\/wp-json\/wp\/v2\/users\/2"}],"replies":[{"embeddable":true,"href":"https:\/\/dgospel.com.br\/portal\/index.php\/wp-json\/wp\/v2\/comments?post=7659"}],"version-history":[{"count":1,"href":"https:\/\/dgospel.com.br\/portal\/index.php\/wp-json\/wp\/v2\/posts\/7659\/revisions"}],"predecessor-version":[{"id":7661,"href":"https:\/\/dgospel.com.br\/portal\/index.php\/wp-json\/wp\/v2\/posts\/7659\/revisions\/7661"}],"wp:featuredmedia":[{"embeddable":true,"href":"https:\/\/dgospel.com.br\/portal\/index.php\/wp-json\/wp\/v2\/media\/7660"}],"wp:attachment":[{"href":"https:\/\/dgospel.com.br\/portal\/index.php\/wp-json\/wp\/v2\/media?parent=7659"}],"wp:term":[{"taxonomy":"category","embeddable":true,"href":"https:\/\/dgospel.com.br\/portal\/index.php\/wp-json\/wp\/v2\/categories?post=7659"},{"taxonomy":"post_tag","embeddable":true,"href":"https:\/\/dgospel.com.br\/portal\/index.php\/wp-json\/wp\/v2\/tags?post=7659"}],"curies":[{"name":"wp","href":"https:\/\/api.w.org\/{rel}","templated":true}]}}