{"id":7662,"date":"2021-02-24T09:59:00","date_gmt":"2021-02-24T12:59:00","guid":{"rendered":"http:\/\/dgospel.com.br\/portal\/?p=7662"},"modified":"2021-02-24T09:59:02","modified_gmt":"2021-02-24T12:59:02","slug":"como-e-que-fica-a-economia-diz-bolsonaro-sobre-lockdown","status":"publish","type":"post","link":"https:\/\/dgospel.com.br\/portal\/index.php\/2021\/02\/24\/como-e-que-fica-a-economia-diz-bolsonaro-sobre-lockdown\/","title":{"rendered":"\u201cComo \u00e9 que fica a economia?\u201d, diz Bolsonaro sobre lockdown"},"content":{"rendered":"\n<p> O presidente\u00a0<a rel=\"noreferrer noopener\" href=\"https:\/\/pleno.news\/tag\/jair-bolsonaro\" target=\"_blank\">Jair Bolsonaro<\/a>\u00a0afirmou, na noite de ter\u00e7a-feira (23), a apoiadores, ao chegar ao Pal\u00e1cio da Alvorada, que n\u00e3o mandou ningu\u00e9m ficar em casa, n\u00e3o fechou o com\u00e9rcio nem destruiu empregos. Bolsonaro voltou a criticar o confinamento contra a\u00a0<a rel=\"noreferrer noopener\" href=\"https:\/\/pleno.news\/tag\/covid-19\" target=\"_blank\">Covid-19<\/a>. <\/p>\n\n\n\n<p> \u2013 Lockdown n\u00e3o resolveu o ano passado. Vai resolver este ano? Agora, como \u00e9 que fica a economia? O pessoal reclama de infla\u00e7\u00e3o, alta em medicamentos, alta em um mont\u00e3o de coisa. Querem culpar quem? \u2013 perguntou. <\/p>\n\n\n\n<p>O presidente tamb\u00e9m disse que, quando defendeu o enfrentamento do novo coronav\u00edrus, era com a prote\u00e7\u00e3o aos mais idosos e aos que t\u00eam doen\u00e7as. De acordo com Bolsonaro, o coronav\u00edrus n\u00e3o vai acabar nunca. Na conversa, ele voltou tamb\u00e9m a defender o atendimento precoce e afirmou que o m\u00e9dico tem o direito de optar pela forma de tratamento que achar adequada.<\/p>\n\n\n\n<p>Bolsonaro anunciou ainda que uma comitiva vai a Israel no fim de semana para \u201ctrazer o spray que l\u00e1 deu certo em 30 pessoas em estado grave\u201d. O presidente declarou que a terceira fase do estudo israelense ser\u00e1 aplicada no Brasil, desde que a Ag\u00eancia Nacional de Vigil\u00e2ncia Sanit\u00e1ria (Anvisa) autorize<\/p>\n","protected":false},"excerpt":{"rendered":"<p>O presidente\u00a0Jair Bolsonaro\u00a0afirmou, na noite de ter\u00e7a-feira (23), a apoiadores, ao chegar ao Pal\u00e1cio da Alvorada, que n\u00e3o mandou ningu\u00e9m ficar em casa, n\u00e3o fechou o com\u00e9rcio nem destruiu empregos. Bolsonaro voltou a criticar o confinamento contra a\u00a0Covid-19. \u2013 Lockdown n\u00e3o resolveu o ano passado. Vai resolver este ano? Agora, como \u00e9 que fica a [&hellip;]<\/p>\n","protected":false},"author":2,"featured_media":7663,"comment_status":"open","ping_status":"open","sticky":false,"template":"","format":"standard","meta":[],"categories":[4],"tags":[13,14],"_links":{"self":[{"href":"https:\/\/dgospel.com.br\/portal\/index.php\/wp-json\/wp\/v2\/posts\/7662"}],"collection":[{"href":"https:\/\/dgospel.com.br\/portal\/index.php\/wp-json\/wp\/v2\/posts"}],"about":[{"href":"https:\/\/dgospel.com.br\/portal\/index.php\/wp-json\/wp\/v2\/types\/post"}],"author":[{"embeddable":true,"href":"https:\/\/dgospel.com.br\/portal\/index.php\/wp-json\/wp\/v2\/users\/2"}],"replies":[{"embeddable":true,"href":"https:\/\/dgospel.com.br\/portal\/index.php\/wp-json\/wp\/v2\/comments?post=7662"}],"version-history":[{"count":1,"href":"https:\/\/dgospel.com.br\/portal\/index.php\/wp-json\/wp\/v2\/posts\/7662\/revisions"}],"predecessor-version":[{"id":7664,"href":"https:\/\/dgospel.com.br\/portal\/index.php\/wp-json\/wp\/v2\/posts\/7662\/revisions\/7664"}],"wp:featuredmedia":[{"embeddable":true,"href":"https:\/\/dgospel.com.br\/portal\/index.php\/wp-json\/wp\/v2\/media\/7663"}],"wp:attachment":[{"href":"https:\/\/dgospel.com.br\/portal\/index.php\/wp-json\/wp\/v2\/media?parent=7662"}],"wp:term":[{"taxonomy":"category","embeddable":true,"href":"https:\/\/dgospel.com.br\/portal\/index.php\/wp-json\/wp\/v2\/categories?post=7662"},{"taxonomy":"post_tag","embeddable":true,"href":"https:\/\/dgospel.com.br\/portal\/index.php\/wp-json\/wp\/v2\/tags?post=7662"}],"curies":[{"name":"wp","href":"https:\/\/api.w.org\/{rel}","templated":true}]}}