{"id":767,"date":"2018-07-13T16:00:44","date_gmt":"2018-07-13T19:00:44","guid":{"rendered":"http:\/\/dgospel.com.br\/portal\/?p=767"},"modified":"2018-07-13T16:00:44","modified_gmt":"2018-07-13T19:00:44","slug":"mais-de-20-mil-pessoas-prestigiam-shows-de-bandas-gospel-na-abertura-do-palmas-ferias","status":"publish","type":"post","link":"https:\/\/dgospel.com.br\/portal\/index.php\/2018\/07\/13\/mais-de-20-mil-pessoas-prestigiam-shows-de-bandas-gospel-na-abertura-do-palmas-ferias\/","title":{"rendered":"Mais de 20 mil pessoas prestigiam shows de bandas gospel na abertura do Palmas F\u00e9rias"},"content":{"rendered":"<p>Cerca de 21 mil pessoas, segundo estat\u00edstica da Pol\u00edcia Militar, compareceram \u00e0 abertura oficial da programa\u00e7\u00e3o do Palmas F\u00e9rias, na Praia da Graciosa, para prestigiar os shows das bandas gospel Adora\u00e7\u00e3o e Vida, Livres para Adorar e Fernandinho, na noite dessa quinta-feira, 12.<\/p>\n<p>&nbsp;<\/p>\n<p>O evento tem o objetivo de fazer com que palmenses e turistas possam usufruir de uma programa\u00e7\u00e3o diversificada, com v\u00e1rias atra\u00e7\u00f5es culturais e gastron\u00f4micas durante todo o m\u00eas de julho.<\/p>\n<p>&nbsp;<\/p>\n<p>A primeira atra\u00e7\u00e3o da noite, que encantou os presentes com testemunhos de vida do vocalista, foi a banda cat\u00f3lica Adora\u00e7\u00e3o e Vida. O vocalista Valmir Correa se emocionou ao subir mais uma vez em um palco na Capital. \u201cTenho muito carinho por todos que est\u00e3o aqui, e a cada vez que venho \u00e9 um momento muito especial para mim, e o que est\u00e1 acontecendo aqui \u00e9 muito importante, pois sempre que voltamos\u00a0 tem muita gente para nos ouvir, n\u00e3o s\u00f3 a nossa banda, mas para ouvir a mensagem de Deus e amor que todos n\u00f3s passamos, me sinto muito feliz de fazer parte\u201d, disse o vocalista.<\/p>\n<p>&nbsp;<\/p>\n<p>Levando o p\u00fablico a cantar, a banda Livres para Adorar, foi a segunda a se apresentar, com rock crist\u00e3o, o l\u00edder e vocalista Juliano Son, que em j\u00e1 esteve em Palmas em outras oportunidades, mostrou entusiasmo e muita intera\u00e7\u00e3o com o p\u00fablico palmense. \u201cNa \u00faltima vez que estivemos aqui n\u00e3o tivemos a oportunidade de cantar, por isso estamos com muita energia para fazer deste momento maravilhoso, a energia que sentimos aqui \u00e9 maravilhosa\u201d, disse Son entusiasmado.<\/p>\n<p>&nbsp;<\/p>\n<p>Mesmo sendo um dos veteranos em shows do segmento gospel na Capital, Fernandinho era o mais pedido e aguardado pela multid\u00e3o, que ansiosa pedia sua presen\u00e7a no palco.\u00a0 O cantor, que atualmente \u00e9 considerado um dos maiores nomes da m\u00fasica gospel, disse se sentir \u00e0 vontade e feliz por mais uma vez se apresentar na Capital. \u201cA cada vez que venho aqui me sinto renovado e feliz por ver iniciativas como esta, em Palmas, e ver que est\u00e1 dando certo, pois a cada vez o p\u00fablico comparece e isso nos renova, e faz com que tenhamos mais vontade de estar aqui passando a mensagem de louvor e amor a Cristo\u201d, disse o cantor.<\/p>\n<p>&nbsp;<\/p>\n<p>N\u00e3o somente os\u00a0<em>shows<\/em>\u00a0chamaram aten\u00e7\u00e3o do p\u00fablico, mas tamb\u00e9m a \u201ctrupe kids\u201d, com personagens de desenhos animados, como Minnie, Mikey, Princesa, dentre outros, amados n\u00e3o somente pela crian\u00e7ada, mas tamb\u00e9m pelos adultos, que faziam quest\u00e3o de pedir para tirar uma foto com eles. A pequena Ingride, de tr\u00eas anos, registrou o momento com toda sua fam\u00edlia, e n\u00e3o escondia a felicidade de estar ao lado de uma princesa \u201cde verdade\u201d, como ela disse.<\/p>\n<p>&nbsp;<\/p>\n<p>Na plateia, M\u00e1rcia Silva e mais 12 membros da sua fam\u00edlia, incluindo as tr\u00eas filhas, Ingride, Cristina Kau\u00ea, de 11 anos, e Thawane, de oito anos, estavam maravilhados com a programa\u00e7\u00e3o do evento. \u201cSoubemos da programa\u00e7\u00e3o na nossa congrega\u00e7\u00e3o. \u00c9 a primeira vez que participamos, as comidas est\u00e3o maravilhosas, j\u00e1 experimentamos v\u00e1rias, e vamos voltar no pr\u00f3ximo final de semana\u201d, disse a moradora de Taquaralto.<\/p>\n<p>&nbsp;<\/p>\n<p>Gra\u00e7a Vieira, de Breu Branco, no Par\u00e1, com suas tr\u00eas filhas, disse que estava realizando um sonho de conhecer a Capital e ainda mais de ter um\u00a0<em>show<\/em>\u00a0como esse. \u201cEstou apaixonada pela cidade, e este evento \u00e9 maravilhoso, e conhecer a cidade com uma programa\u00e7\u00e3o desta \u00e9 a realiza\u00e7\u00e3o de um sonho\u201d, disse a turista.<\/p>\n<p>&nbsp;<\/p>\n<p>A principiante no Festival Gastron\u00f4mico de Taquaru\u00e7u, Jandira Matos, que participa da divulga\u00e7\u00e3o do evento, conta que a recep\u00e7\u00e3o do seu prato foi muito boa, e disse estar animada para o FGT em setembro. \u201c\u00c9 \u00f3timo estar aqui, pois j\u00e1 mostramos nosso prato ao p\u00fablico, o que nos deixa mais seguro para participar de um evento t\u00e3o grande como o FGT, e melhor ainda \u00e9 que as pessoas est\u00e3o elogiando muito nosso prato\u201d, disse feliz a comerciante.<\/p>\n<p>&nbsp;<\/p>\n<p>A prefeita de Palmas, Cinthia Ribeiro, disse estar muito feliz em ver que os palmenses compareceram ao evento. Ela ainda complementou que esta foi a certeza de estar trilhando o caminho certo na sua gest\u00e3o \u00e0 frente da Prefeitura. \u201cHoje completo 100 dias \u00e0 frente da Prefeitura de Palmas, me sinto feliz e honrada por representar esta cidade, e participar desse momento com estas 21 mil pessoas \u00e9 maravilhoso. Pe\u00e7o que Deus que continue a aben\u00e7oar esta cidade que tanto amamos\u201d, finalizou a gestora.<\/p>\n<p>&nbsp;<\/p>\n<p>Os shows do Cantor Fernandinho, Banda Adora\u00e7\u00e3o e Vida e a Banda Livres para Adorar foi uma compensa\u00e7\u00e3o, devido ao cancelamento das apresenta\u00e7\u00f5es que deveriam ter acontecido no evento Palmas Capital da F\u00e9 de 2018, mas n\u00e3o foi poss\u00edvel por causa das fortes chuvas no primeiro dia do evento. Esses shows n\u00e3o geraram novos \u00f4nus de cach\u00eas ao munic\u00edpio de Palmas. \u201cDevido \u00e0s fortes chuvas que n\u00e3o garantiam a seguran\u00e7a de todos, em conjunto com os artistas resolvemos cancelar as apresenta\u00e7\u00f5es naquele per\u00edodo, mas com o compromisso de realizar em outra data, e era, como pudemos comprovar pelo n\u00famero de presentes aqui, que era um show muito esperado, e que agradou muito\u201d, ressaltou o presidente da Agtur, Eudes Assis.<\/p>\n<p>&nbsp;<\/p>\n<p>&nbsp;<\/p>\n<p>&nbsp;<\/p>\n<p><strong>Temporada de F\u00e9rias 2018 \u2013 Praia da Graciosa<\/strong><\/p>\n<p>&nbsp;<\/p>\n<p><strong>\u00a01\u00ba final de semana<\/strong><\/p>\n<p>&nbsp;<\/p>\n<p>13 a 15\/07: 18h &#8211; Divulga\u00e7\u00e3o do 12\u00ba Festival Gastron\u00f4mico de Taquaru\u00e7u<\/p>\n<p>&nbsp;<\/p>\n<p>13 a 15\/07 18h \u2013 Trupe Kids<\/p>\n<p>&nbsp;<\/p>\n<p>&nbsp;<\/p>\n<p><strong>2\u00ba final de semana<\/strong><\/p>\n<p>&nbsp;<\/p>\n<p>19 a 22\/07: 18h &#8211; Divulga\u00e7\u00e3o do 12\u00ba Festival Gastron\u00f4mico de Taquaru\u00e7u<\/p>\n<p>&nbsp;<\/p>\n<p>13 a 15\/07 18h \u2013 Trupe Kids<\/p>\n<p>&nbsp;<\/p>\n<p>21\/07: 17h &#8211; Encontro de Carros Antigos<\/p>\n<p>&nbsp;<\/p>\n<p>21\/07: 21h &#8211; Festival PMW Rock &#8211; Show Na\u00e7\u00e3o Zumbi<\/p>\n<p>&nbsp;<\/p>\n<p><strong>3\u00ba final de semana<\/strong><\/p>\n<p>&nbsp;<\/p>\n<p>28\/07: 17h &#8211; Festival Kids<\/p>\n<p>&nbsp;<\/p>\n<p>29\/07: 19h &#8211; Lucas &amp; Gustavo<\/p>\n<p>&nbsp;<\/p>\n<p>&nbsp;<\/p>\n","protected":false},"excerpt":{"rendered":"<p>Cerca de 21 mil pessoas, segundo estat\u00edstica da Pol\u00edcia Militar, compareceram \u00e0 abertura oficial da programa\u00e7\u00e3o do Palmas F\u00e9rias, na Praia da Graciosa, para prestigiar os shows das bandas gospel Adora\u00e7\u00e3o e Vida, Livres para Adorar e Fernandinho, na noite dessa quinta-feira, 12. &nbsp; O evento tem o objetivo de fazer com que palmenses e [&hellip;]<\/p>\n","protected":false},"author":2,"featured_media":768,"comment_status":"open","ping_status":"open","sticky":false,"template":"","format":"standard","meta":[],"categories":[2,5],"tags":[],"_links":{"self":[{"href":"https:\/\/dgospel.com.br\/portal\/index.php\/wp-json\/wp\/v2\/posts\/767"}],"collection":[{"href":"https:\/\/dgospel.com.br\/portal\/index.php\/wp-json\/wp\/v2\/posts"}],"about":[{"href":"https:\/\/dgospel.com.br\/portal\/index.php\/wp-json\/wp\/v2\/types\/post"}],"author":[{"embeddable":true,"href":"https:\/\/dgospel.com.br\/portal\/index.php\/wp-json\/wp\/v2\/users\/2"}],"replies":[{"embeddable":true,"href":"https:\/\/dgospel.com.br\/portal\/index.php\/wp-json\/wp\/v2\/comments?post=767"}],"version-history":[{"count":1,"href":"https:\/\/dgospel.com.br\/portal\/index.php\/wp-json\/wp\/v2\/posts\/767\/revisions"}],"predecessor-version":[{"id":769,"href":"https:\/\/dgospel.com.br\/portal\/index.php\/wp-json\/wp\/v2\/posts\/767\/revisions\/769"}],"wp:featuredmedia":[{"embeddable":true,"href":"https:\/\/dgospel.com.br\/portal\/index.php\/wp-json\/wp\/v2\/media\/768"}],"wp:attachment":[{"href":"https:\/\/dgospel.com.br\/portal\/index.php\/wp-json\/wp\/v2\/media?parent=767"}],"wp:term":[{"taxonomy":"category","embeddable":true,"href":"https:\/\/dgospel.com.br\/portal\/index.php\/wp-json\/wp\/v2\/categories?post=767"},{"taxonomy":"post_tag","embeddable":true,"href":"https:\/\/dgospel.com.br\/portal\/index.php\/wp-json\/wp\/v2\/tags?post=767"}],"curies":[{"name":"wp","href":"https:\/\/api.w.org\/{rel}","templated":true}]}}