{"id":7677,"date":"2021-02-24T21:16:17","date_gmt":"2021-02-25T00:16:17","guid":{"rendered":"http:\/\/dgospel.com.br\/portal\/?p=7677"},"modified":"2021-02-24T21:16:19","modified_gmt":"2021-02-25T00:16:19","slug":"governador-carlesse-determina-a-contratacao-de-90-leitos-de-uti-para-covid-19-na-rede-privada","status":"publish","type":"post","link":"https:\/\/dgospel.com.br\/portal\/index.php\/2021\/02\/24\/governador-carlesse-determina-a-contratacao-de-90-leitos-de-uti-para-covid-19-na-rede-privada\/","title":{"rendered":"Governador Carlesse determina a contrata\u00e7\u00e3o de 90 leitos de UTI para Covid-19 na rede privada"},"content":{"rendered":"\n<p>O governador do Estado do Tocantins, Mauro Carlesse, atento ao aumento de casos nos \u00faltimos dias, determinou \u00e0 Secretaria de Estado da Sa\u00fade (SES), que tome todas as provid\u00eancias necess\u00e1rias para a contrata\u00e7\u00e3o de novos 90 leitos de UTI Covid-19 (Unidade de Terapia Intensiva) na rede privada do Estado, de forma a complementar a oferta existente no Sistema \u00danico de Sa\u00fade (SUS). A SES j\u00e1 trabalha no credenciamento de institui\u00e7\u00f5es privadas com ou sem fins lucrativos para oferta destes leitos ao SUS.<\/p>\n\n\n\n<p>\u201cA ado\u00e7\u00e3o de medidas extraordin\u00e1rias \u00e9&nbsp;de extrema urg\u00eancia para se evitar o colapso da rede atendimento no Estado. Estamos trabalhando em diversas frentes e o Governo do Tocantins est\u00e1 abrindo novos 36 leitos nos hospitais p\u00fablicos de Palmas e Gurupi. Agora, mesmo sendo respons\u00e1vel pela maioria dos leitos ofertados para popula\u00e7\u00e3o, n\u00e3o podemos parar, iremos buscar todas as op\u00e7\u00f5es poss\u00edveis para garantir o atendimento da popula\u00e7\u00e3o. Os casos est\u00e3o aumentando, o Estado faz sua parte e esperamos que a popula\u00e7\u00e3o tamb\u00e9m nos ajude com as medidas de preven\u00e7\u00e3o. Juntos, vamos superar todos esses desafios\u201d, afirma o Governador.<\/p>\n\n\n\n<p>A Secretaria da Sa\u00fade deve publicar, nos pr\u00f3ximos dias, o chamamento para credenciamento de institui\u00e7\u00f5es privadas (com ou sem fins lucrativos), que tenham interesse em disponibilizar leitos de Unidade Terapia Intensiva (UTI) adulto, tipo II, destinados ao atendimento de pacientes suspeitos e\/ou confirmados com S\u00edndrome Respirat\u00f3ria Aguda Grave provocada pelo novo Coronav\u00edrus SARS-CoV-2.<\/p>\n\n\n\n<p>Segundo o secret\u00e1rio de Estado da Sa\u00fade, Edgar Tollini, \u201co Tocantins apresentou um crescimento significativo de novos casos nos \u00faltimos 30 dias. No dia 1\u00b0 de janeiro de 2021, eram 110 casos confirmados; e no dia 1\u00b0 de fevereiro, o n\u00famero subiu para 293 casos confirmados, o que retrata um aumento de 166,36% no n\u00famero de casos. Nossos leitos j\u00e1 est\u00e3o em fase de aten\u00e7\u00e3o, algumas unidades hospitalares com leitos complementares j\u00e1 n\u00e3o t\u00eam leitos liberados. Com a confirma\u00e7\u00e3o do caso da nova variante no Estado, o sistema de Sa\u00fade entra em alerta para o aumento de casos, devido ao alto grau de contamina\u00e7\u00e3o\u201d, explica o Secret\u00e1rio.<\/p>\n\n\n\n<p><strong>Dados<\/strong><\/p>\n\n\n\n<p>O Tocantins j\u00e1 registra um total de 352.552 pessoas notificadas com a Covid-19 e acumula 111.370 casos confirmados da doen\u00e7a. Destes, 100.431 pacientes est\u00e3o recuperados e 9.443 est\u00e3o ainda ativos (em isolamento domiciliar ou hospitalar), al\u00e9m de 1.496 \u00f3bitos.<\/p>\n\n\n\n<p>Na hospitaliza\u00e7\u00e3o, o Estado, segundo Boletim Epidemiol\u00f3gico n\u00ba 346, do dia 24 de fevereiro, registrou um total de 318 pessoas, sendo 216 na rede p\u00fablica (108 em leitos cl\u00ednicos e 108 em UTIs) e 102 internados na rede privada (55 em leitos cl\u00ednicos e 47 em UTIs).<\/p>\n","protected":false},"excerpt":{"rendered":"<p>O governador do Estado do Tocantins, Mauro Carlesse, atento ao aumento de casos nos \u00faltimos dias, determinou \u00e0 Secretaria de Estado da Sa\u00fade (SES), que tome todas as provid\u00eancias necess\u00e1rias para a contrata\u00e7\u00e3o de novos 90 leitos de UTI Covid-19 (Unidade de Terapia Intensiva) na rede privada do Estado, de forma a complementar a oferta [&hellip;]<\/p>\n","protected":false},"author":2,"featured_media":7678,"comment_status":"open","ping_status":"open","sticky":false,"template":"","format":"standard","meta":[],"categories":[4],"tags":[13],"_links":{"self":[{"href":"https:\/\/dgospel.com.br\/portal\/index.php\/wp-json\/wp\/v2\/posts\/7677"}],"collection":[{"href":"https:\/\/dgospel.com.br\/portal\/index.php\/wp-json\/wp\/v2\/posts"}],"about":[{"href":"https:\/\/dgospel.com.br\/portal\/index.php\/wp-json\/wp\/v2\/types\/post"}],"author":[{"embeddable":true,"href":"https:\/\/dgospel.com.br\/portal\/index.php\/wp-json\/wp\/v2\/users\/2"}],"replies":[{"embeddable":true,"href":"https:\/\/dgospel.com.br\/portal\/index.php\/wp-json\/wp\/v2\/comments?post=7677"}],"version-history":[{"count":1,"href":"https:\/\/dgospel.com.br\/portal\/index.php\/wp-json\/wp\/v2\/posts\/7677\/revisions"}],"predecessor-version":[{"id":7679,"href":"https:\/\/dgospel.com.br\/portal\/index.php\/wp-json\/wp\/v2\/posts\/7677\/revisions\/7679"}],"wp:featuredmedia":[{"embeddable":true,"href":"https:\/\/dgospel.com.br\/portal\/index.php\/wp-json\/wp\/v2\/media\/7678"}],"wp:attachment":[{"href":"https:\/\/dgospel.com.br\/portal\/index.php\/wp-json\/wp\/v2\/media?parent=7677"}],"wp:term":[{"taxonomy":"category","embeddable":true,"href":"https:\/\/dgospel.com.br\/portal\/index.php\/wp-json\/wp\/v2\/categories?post=7677"},{"taxonomy":"post_tag","embeddable":true,"href":"https:\/\/dgospel.com.br\/portal\/index.php\/wp-json\/wp\/v2\/tags?post=7677"}],"curies":[{"name":"wp","href":"https:\/\/api.w.org\/{rel}","templated":true}]}}