{"id":7684,"date":"2021-02-27T22:31:20","date_gmt":"2021-02-28T01:31:20","guid":{"rendered":"http:\/\/dgospel.com.br\/portal\/?p=7684"},"modified":"2021-02-27T22:46:59","modified_gmt":"2021-02-28T01:46:59","slug":"omep-promove-cafe-da-manha-para-lideres-evangelicos-dia-12-marco","status":"publish","type":"post","link":"https:\/\/dgospel.com.br\/portal\/index.php\/2021\/02\/27\/omep-promove-cafe-da-manha-para-lideres-evangelicos-dia-12-marco\/","title":{"rendered":"OMEP promove caf\u00e9 da manh\u00e3 para l\u00edderes evang\u00e9licos dia 12 mar\u00e7o"},"content":{"rendered":"\n<p>A agenda de reuni\u00f5es mensal da Ordem de\nMinistros do Evangelho de Palmas-TO (OMEP), para pastores e demais l\u00edderes\nevang\u00e9licos segue com caf\u00e9 da manh\u00e3 na sexta-feira, 12 de mar\u00e7o \u00e0s 8 horas na Igreja\nEsperan\u00e7a, na quadra 107 norte alameda 110 lote 6, pr\u00f3ximo ao Shopping Capim\nDourado. <\/p>\n\n\n\n<p>O Anfitri\u00e3o, Pr Sebasti\u00e3o Tertuliano est\u00e1\nmotivado para este momento de comunh\u00e3o entre ap\u00f3stolos (a), bispos (a) pastores\n(a) da cidade de Palmas-TO. <\/p>\n\n\n\n<p>\u201cA cada caf\u00e9 podemos perceber a import\u00e2ncia da\nunidade da Igreja do Senhor Jesus; pois temos momento de rever amigos, conhecer\nnovos ministros, trocar experi\u00eancias, ouvir uma palavra direcionada aos\npastores, interceder pela fam\u00edlia pastoral, pela igreja, na\u00e7\u00e3o, estado, cidade,\nautoridades, salva\u00e7\u00e3o de almas e avivamento\u201d, disse presidente da OMEP, Mission\u00e1rio\nCarlos Roberto. <\/p>\n\n\n\n<p>O presidente disse ainda que nunca a unidade da\nIgreja se tornou t\u00e3o necess\u00e1ria como agora neste tempo de pandemia causada pelo\nCoronav\u00edrus. \u201cA igreja precisa buscar renova\u00e7\u00e3o e interceder clamando a Deus\nque sare nossa na\u00e7\u00e3o\u201d. <\/p>\n\n\n\n<p>O Mission\u00e1rio Carlos Roberto convida os lideres evang\u00e9licos a participarem do evento. \u201cVenha viver este momento de unidade da igreja do Senhor Jesus em Palmas-TO, aguardamos voc\u00ea que \u00e9 ministro do evangelho\u201d.<\/p>\n\n\n\n<p>O presidente informa tamb\u00e9m que o evento ter\u00e1 com\ntodas as medidas de seguran\u00e7a, como uso de m\u00e1scara, \u00e1lcool em gel e\ndistanciamento social <\/p>\n","protected":false},"excerpt":{"rendered":"<p>A agenda de reuni\u00f5es mensal da Ordem de Ministros do Evangelho de Palmas-TO (OMEP), para pastores e demais l\u00edderes evang\u00e9licos segue com caf\u00e9 da manh\u00e3 na sexta-feira, 12 de mar\u00e7o \u00e0s 8 horas na Igreja Esperan\u00e7a, na quadra 107 norte alameda 110 lote 6, pr\u00f3ximo ao Shopping Capim Dourado. O Anfitri\u00e3o, Pr Sebasti\u00e3o Tertuliano est\u00e1 [&hellip;]<\/p>\n","protected":false},"author":2,"featured_media":7685,"comment_status":"open","ping_status":"open","sticky":false,"template":"","format":"standard","meta":[],"categories":[5],"tags":[],"_links":{"self":[{"href":"https:\/\/dgospel.com.br\/portal\/index.php\/wp-json\/wp\/v2\/posts\/7684"}],"collection":[{"href":"https:\/\/dgospel.com.br\/portal\/index.php\/wp-json\/wp\/v2\/posts"}],"about":[{"href":"https:\/\/dgospel.com.br\/portal\/index.php\/wp-json\/wp\/v2\/types\/post"}],"author":[{"embeddable":true,"href":"https:\/\/dgospel.com.br\/portal\/index.php\/wp-json\/wp\/v2\/users\/2"}],"replies":[{"embeddable":true,"href":"https:\/\/dgospel.com.br\/portal\/index.php\/wp-json\/wp\/v2\/comments?post=7684"}],"version-history":[{"count":2,"href":"https:\/\/dgospel.com.br\/portal\/index.php\/wp-json\/wp\/v2\/posts\/7684\/revisions"}],"predecessor-version":[{"id":7687,"href":"https:\/\/dgospel.com.br\/portal\/index.php\/wp-json\/wp\/v2\/posts\/7684\/revisions\/7687"}],"wp:featuredmedia":[{"embeddable":true,"href":"https:\/\/dgospel.com.br\/portal\/index.php\/wp-json\/wp\/v2\/media\/7685"}],"wp:attachment":[{"href":"https:\/\/dgospel.com.br\/portal\/index.php\/wp-json\/wp\/v2\/media?parent=7684"}],"wp:term":[{"taxonomy":"category","embeddable":true,"href":"https:\/\/dgospel.com.br\/portal\/index.php\/wp-json\/wp\/v2\/categories?post=7684"},{"taxonomy":"post_tag","embeddable":true,"href":"https:\/\/dgospel.com.br\/portal\/index.php\/wp-json\/wp\/v2\/tags?post=7684"}],"curies":[{"name":"wp","href":"https:\/\/api.w.org\/{rel}","templated":true}]}}