{"id":7688,"date":"2021-03-01T21:33:41","date_gmt":"2021-03-02T00:33:41","guid":{"rendered":"http:\/\/dgospel.com.br\/portal\/?p=7688"},"modified":"2021-03-01T21:33:43","modified_gmt":"2021-03-02T00:33:43","slug":"cinthia-ribeiro-participa-de-primeira-reuniao-para-formacao-do-consorcio-publico-para-compra-de-vacinas","status":"publish","type":"post","link":"https:\/\/dgospel.com.br\/portal\/index.php\/2021\/03\/01\/cinthia-ribeiro-participa-de-primeira-reuniao-para-formacao-do-consorcio-publico-para-compra-de-vacinas\/","title":{"rendered":"Cinthia Ribeiro participa de primeira reuni\u00e3o para forma\u00e7\u00e3o do Cons\u00f3rcio P\u00fablico para Compra de Vacinas"},"content":{"rendered":"\n<p>A Prefeita Cinthia Ribeiro participou nesta segunda-feira, 1\u00ba de mar\u00e7o, da primeira reuni\u00e3o do Cons\u00f3rcio P\u00fablico para Compra de Vacinas contra o novo coronav\u00edrus (Covid-19), encabe\u00e7ado pela Frente Nacional de Prefeitos (FNP). A chefe do Executivo de Palmas faz parte da diretoria da entidade e ocupa o cargo de vice-presidente de Rela\u00e7\u00f5es Institucionais.<\/p>\n\n\n\n<p>Ao final da reuni\u00e3o a prefeita assinou o protocolo de inten\u00e7\u00f5es com a finalidade de aderir ao cons\u00f3rcio e que ser\u00e1 regido pela lei Federal 11107\/2005 e Decreto Federal 6017\/20007.<\/p>\n\n\n\n<p>A formaliza\u00e7\u00e3o do cronograma para constru\u00e7\u00e3o do cons\u00f3rcio foi o assunto que norteou a reuni\u00e3o. Os prefeitos signat\u00e1rios tomaram esta iniciativa, ap\u00f3s decis\u00e3o do Supremo Tribunal Federal (STF), em favor de que estados e munic\u00edpios possam comprar diretamente o imunizante, caso seja verificado o descumprimento do Programa Nacional de Imuniza\u00e7\u00f5es (PNI) pelo Governo Federal ou insufici\u00eancia de doses previstas para imunizar a popula\u00e7\u00e3o. Outra hip\u00f3tese para que estados e munic\u00edpios possam adquirir vacina contra a Covid-19 \u00e9 se a Ag\u00eancia Nacional de Vigil\u00e2ncia Sanit\u00e1ria (Anvisa) n\u00e3o conceder autoriza\u00e7\u00e3o em at\u00e9 72 horas para o uso de imunizantes aprovados por ag\u00eancias reguladoras de outros pa\u00edses.<\/p>\n\n\n\n<p>A decis\u00e3o do STF foi editada no dia 23 de fevereiro e no s\u00e1bado, 27, a FNP j\u00e1 havia reunido 100 prefeitos de diferentes regi\u00f5es do Brasil, interessados em adquirir vacinas atrav\u00e9s do cons\u00f3rcio, para imuniza\u00e7\u00e3o nos munic\u00edpios que administram. Al\u00e9m de imunizantes, o cons\u00f3rcio das prefeituras deve negociar a compra de medicamentos, equipamentos e insumos.<\/p>\n\n\n\n<p>Para a prefeita Cinthia Ribeiro imunizar a popula\u00e7\u00e3o \u00e9 a atitude mais assertiva a se tomar, uma vez que no lugar de remediar uma situa\u00e7\u00e3o de adoecimento, pode-se evitar que aconte\u00e7a. \u201cPrecisamos ter vis\u00e3o estrat\u00e9gica para administrar e fazer o imposs\u00edvel para gerir da melhor forma. N\u00e3o podemos permitir que a pandemia continue ganhando terreno\u201d, afirmou a prefeita Cinthia.<\/p>\n\n\n\n<p>Ela considerou ainda que contendo a propaga\u00e7\u00e3o do v\u00edrus, outros problemas decorrentes desta crise sanit\u00e1ria ser\u00e3o resolvidos mais rapidamente. A exemplo da crise econ\u00f4mica. \u201cTamb\u00e9m ser\u00e1 poss\u00edvel atender as demandas reprimidas nos munic\u00edpios e ajudar a desafogar o servi\u00e7o p\u00fablico de sa\u00fade, que hoje se encontra congestionado pelo atendimento \u00e0 Covid-19\u201d, avaliou.<\/p>\n\n\n\n<p>\u201c\u00c9 importante que tenhamos uma pauta comum e apartid\u00e1ria. Esta medida que ora estamos tomando tem respaldo legal, uma vez que est\u00e1 amparada em decis\u00e3o do Supremo e isto j\u00e1 facilita as negocia\u00e7\u00f5es, nos d\u00e1 certa autonomia e nos torna menos dependentes do Governo Federal em rela\u00e7\u00e3o \u00e0s decis\u00f5es para vacina\u00e7\u00e3o da popula\u00e7\u00e3o\u201d, argumentou Cinthia Ribeiro.<\/p>\n\n\n\n<p>A prefeita enfatiza que a ideia n\u00e3o \u00e9 um enfrentamento conflituoso ao Governo Federal e sim uma tentativa de cada ente realizar a\u00e7\u00f5es que possam minimizar as consequ\u00eancias dessa pandemia no Pa\u00eds. \u201cNossa inten\u00e7\u00e3o n\u00e3o \u00e9 de politizar a quest\u00e3o da vacina. Entendemos que este \u00e9 um momento delicado, e nosso principal objetivo \u00e9 frear o avan\u00e7o da Covid-19. Precisamos somar todas as for\u00e7as para que vidas parem de ser interrompidas\u201d, ponderou a prefeita.<\/p>\n","protected":false},"excerpt":{"rendered":"<p>A Prefeita Cinthia Ribeiro participou nesta segunda-feira, 1\u00ba de mar\u00e7o, da primeira reuni\u00e3o do Cons\u00f3rcio P\u00fablico para Compra de Vacinas contra o novo coronav\u00edrus (Covid-19), encabe\u00e7ado pela Frente Nacional de Prefeitos (FNP). A chefe do Executivo de Palmas faz parte da diretoria da entidade e ocupa o cargo de vice-presidente de Rela\u00e7\u00f5es Institucionais. Ao final [&hellip;]<\/p>\n","protected":false},"author":2,"featured_media":7689,"comment_status":"open","ping_status":"open","sticky":false,"template":"","format":"standard","meta":[],"categories":[3],"tags":[13],"_links":{"self":[{"href":"https:\/\/dgospel.com.br\/portal\/index.php\/wp-json\/wp\/v2\/posts\/7688"}],"collection":[{"href":"https:\/\/dgospel.com.br\/portal\/index.php\/wp-json\/wp\/v2\/posts"}],"about":[{"href":"https:\/\/dgospel.com.br\/portal\/index.php\/wp-json\/wp\/v2\/types\/post"}],"author":[{"embeddable":true,"href":"https:\/\/dgospel.com.br\/portal\/index.php\/wp-json\/wp\/v2\/users\/2"}],"replies":[{"embeddable":true,"href":"https:\/\/dgospel.com.br\/portal\/index.php\/wp-json\/wp\/v2\/comments?post=7688"}],"version-history":[{"count":1,"href":"https:\/\/dgospel.com.br\/portal\/index.php\/wp-json\/wp\/v2\/posts\/7688\/revisions"}],"predecessor-version":[{"id":7690,"href":"https:\/\/dgospel.com.br\/portal\/index.php\/wp-json\/wp\/v2\/posts\/7688\/revisions\/7690"}],"wp:featuredmedia":[{"embeddable":true,"href":"https:\/\/dgospel.com.br\/portal\/index.php\/wp-json\/wp\/v2\/media\/7689"}],"wp:attachment":[{"href":"https:\/\/dgospel.com.br\/portal\/index.php\/wp-json\/wp\/v2\/media?parent=7688"}],"wp:term":[{"taxonomy":"category","embeddable":true,"href":"https:\/\/dgospel.com.br\/portal\/index.php\/wp-json\/wp\/v2\/categories?post=7688"},{"taxonomy":"post_tag","embeddable":true,"href":"https:\/\/dgospel.com.br\/portal\/index.php\/wp-json\/wp\/v2\/tags?post=7688"}],"curies":[{"name":"wp","href":"https:\/\/api.w.org\/{rel}","templated":true}]}}