{"id":7691,"date":"2021-03-01T21:35:23","date_gmt":"2021-03-02T00:35:23","guid":{"rendered":"http:\/\/dgospel.com.br\/portal\/?p=7691"},"modified":"2021-03-01T21:35:24","modified_gmt":"2021-03-02T00:35:24","slug":"ano-letivo-da-rede-municipal-de-ensino-de-palmas-comeca-de-forma-remota","status":"publish","type":"post","link":"https:\/\/dgospel.com.br\/portal\/index.php\/2021\/03\/01\/ano-letivo-da-rede-municipal-de-ensino-de-palmas-comeca-de-forma-remota\/","title":{"rendered":"Ano letivo da rede municipal de ensino de Palmas come\u00e7a de forma remota"},"content":{"rendered":"\n<p>Come\u00e7aram&nbsp;nesta segunda-feira, 1\u00ba de mar\u00e7o, de forma remota, as aulas da Rede Municipal de Ensino de Palmas do ano letivo de 2021. A gest\u00e3o municipal decidiu adiar o in\u00edcio das aulas no formato h\u00edbrido, ou seja, aulas presenciais, devido ao agravamento do cen\u00e1rio epidemiol\u00f3gico do novo coronav\u00edrus (Covid-19) na Capital, mantendo apenas as atividades remotas, por meio da ferramenta tecnol\u00f3gica Palmas Home School.<\/p>\n\n\n\n<p>A decis\u00e3o de come\u00e7ar as aulas de forma remota obedece ao que orienta o Centro de Opera\u00e7\u00f5es de Emerg\u00eancia em Sa\u00fade (COE-Palmas Covid-19), em atendimento ao Decreto N\u00ba 1.998, de 26 de fevereiro de 2021, que adota, entre outras medidas para conter o avan\u00e7o do v\u00edrus, a suspens\u00e3o das atividades presenciais em escolas, ber\u00e7\u00e1rios, cursinhos, p\u00fablicos ou particulares, e em institui\u00e7\u00f5es de ensino superior.<\/p>\n\n\n\n<p>Para atender a demanda e ofertar o ensino aos alunos da rede municipal, a Secretaria Municipal de Educa\u00e7\u00e3o criou a ferramenta Palmas Home School, para propiciar a continuidade do aprendizado e a obter o melhor aproveitamento pedag\u00f3gico poss\u00edvel. Na ferramenta est\u00e3o disponibilizadas as aulas com as explica\u00e7\u00f5es do conte\u00fado, atividades pedag\u00f3gicas a serem feitas pelos alunos do 1\u00ba ao 9\u00ba ano do ensino fundamental, bem como sugest\u00f5es de atividades para as turmas da educa\u00e7\u00e3o infantil.<\/p>\n\n\n\n<p>Segundo a Semed, o diferencial da ferramenta para 2021 \u00e9 que as atividades ser\u00e3o postadas para o per\u00edodo de um m\u00eas e n\u00e3o mais de 15 dias como era feito em 2020. Outro ponto destacado pela secretaria \u00e9 que neste primeiro momento, em atendimento ao estabelecido pelo Decreto, n\u00e3o ser\u00e1 poss\u00edvel fazer a entrega dos blocos de atividades impressas de forma presencial, para evitar o fluxo de pessoas nas unidades educacionais.<\/p>\n\n\n\n<p>A Semed destaca ainda que al\u00e9m dos conte\u00fados e atividades dispon\u00edveis na ferramenta, os professores estar\u00e3o \u00e0 disposi\u00e7\u00e3o dos alunos para sanar d\u00favidas. Para isso, cada unidade escolar est\u00e1 criando canais de atendimento e organizando hor\u00e1rios entre professores e alunos para o devido acompanhamento pedag\u00f3gico.<br><\/p>\n","protected":false},"excerpt":{"rendered":"<p>Come\u00e7aram&nbsp;nesta segunda-feira, 1\u00ba de mar\u00e7o, de forma remota, as aulas da Rede Municipal de Ensino de Palmas do ano letivo de 2021. A gest\u00e3o municipal decidiu adiar o in\u00edcio das aulas no formato h\u00edbrido, ou seja, aulas presenciais, devido ao agravamento do cen\u00e1rio epidemiol\u00f3gico do novo coronav\u00edrus (Covid-19) na Capital, mantendo apenas as atividades remotas, [&hellip;]<\/p>\n","protected":false},"author":2,"featured_media":7692,"comment_status":"open","ping_status":"open","sticky":false,"template":"","format":"standard","meta":[],"categories":[3],"tags":[13],"_links":{"self":[{"href":"https:\/\/dgospel.com.br\/portal\/index.php\/wp-json\/wp\/v2\/posts\/7691"}],"collection":[{"href":"https:\/\/dgospel.com.br\/portal\/index.php\/wp-json\/wp\/v2\/posts"}],"about":[{"href":"https:\/\/dgospel.com.br\/portal\/index.php\/wp-json\/wp\/v2\/types\/post"}],"author":[{"embeddable":true,"href":"https:\/\/dgospel.com.br\/portal\/index.php\/wp-json\/wp\/v2\/users\/2"}],"replies":[{"embeddable":true,"href":"https:\/\/dgospel.com.br\/portal\/index.php\/wp-json\/wp\/v2\/comments?post=7691"}],"version-history":[{"count":1,"href":"https:\/\/dgospel.com.br\/portal\/index.php\/wp-json\/wp\/v2\/posts\/7691\/revisions"}],"predecessor-version":[{"id":7693,"href":"https:\/\/dgospel.com.br\/portal\/index.php\/wp-json\/wp\/v2\/posts\/7691\/revisions\/7693"}],"wp:featuredmedia":[{"embeddable":true,"href":"https:\/\/dgospel.com.br\/portal\/index.php\/wp-json\/wp\/v2\/media\/7692"}],"wp:attachment":[{"href":"https:\/\/dgospel.com.br\/portal\/index.php\/wp-json\/wp\/v2\/media?parent=7691"}],"wp:term":[{"taxonomy":"category","embeddable":true,"href":"https:\/\/dgospel.com.br\/portal\/index.php\/wp-json\/wp\/v2\/categories?post=7691"},{"taxonomy":"post_tag","embeddable":true,"href":"https:\/\/dgospel.com.br\/portal\/index.php\/wp-json\/wp\/v2\/tags?post=7691"}],"curies":[{"name":"wp","href":"https:\/\/api.w.org\/{rel}","templated":true}]}}