{"id":7694,"date":"2021-03-02T10:01:53","date_gmt":"2021-03-02T13:01:53","guid":{"rendered":"http:\/\/dgospel.com.br\/portal\/?p=7694"},"modified":"2021-03-02T10:01:54","modified_gmt":"2021-03-02T13:01:54","slug":"procon-tocantins-suspende-atendimento-presencial-em-todos-os-nucleos","status":"publish","type":"post","link":"https:\/\/dgospel.com.br\/portal\/index.php\/2021\/03\/02\/procon-tocantins-suspende-atendimento-presencial-em-todos-os-nucleos\/","title":{"rendered":"Procon Tocantins suspende atendimento presencial em todos os n\u00facleos"},"content":{"rendered":"\n<p>O Procon Tocantins informa que, ap\u00f3s reuni\u00e3o com toda equipe do \u00f3rg\u00e3o, na manh\u00e3 desta segunda-feira, 1\u00ba de mar\u00e7o, para discutir medidas de preven\u00e7\u00e3o e evitar a dissemina\u00e7\u00e3o da Covid-19, decidiu suspender os atendimentos presenciais nos 11 n\u00facleos regionais, a partir desta ter\u00e7a-feira, 2, pelo prazo de 15 dias, mas caso necess\u00e1rio, o prazo poder\u00e1 ser prorrogado.<\/p>\n\n\n\n<p>Al\u00e9m dos atendimentos presenciais, est\u00e3o suspensas as audi\u00eancias de concilia\u00e7\u00e3o e os prazos processuais. O superintendente do \u00f3rg\u00e3o de defesa do consumidor, Walter Viana, destaca que, a medida foi adotada ap\u00f3s o n\u00famero de casos confirmados aumentarem em todo Estado e tamb\u00e9m por alguns servidores, que testarem positivos. \u201cO Procon desde o in\u00edcio da pandemia tem refor\u00e7ado todos os protocolos de sa\u00fade no combate ao novo Coronav\u00edrus. E neste momento, temos como prioridade zelar pela sa\u00fade e vida dos servidores, consumidores, fornecedores e p\u00fablico externo\u201d, afirma Viana.<\/p>\n\n\n\n<p>Os atendimentos e as audi\u00eancias j\u00e1 agendadas, ser\u00e3o remarcados e informados aos consumidores. \u00c9 v\u00e1lido lembrar que os n\u00facleos est\u00e3o fechados, por\u00e9m o consumidor tem como fazer formalizar sua reclama\u00e7\u00e3o no site do Procon Tocantins,&nbsp;<a href=\"http:\/\/www.procon.to.gov.br\/\">http:\/\/www.procon.to.gov.br<\/a>.<\/p>\n","protected":false},"excerpt":{"rendered":"<p>O Procon Tocantins informa que, ap\u00f3s reuni\u00e3o com toda equipe do \u00f3rg\u00e3o, na manh\u00e3 desta segunda-feira, 1\u00ba de mar\u00e7o, para discutir medidas de preven\u00e7\u00e3o e evitar a dissemina\u00e7\u00e3o da Covid-19, decidiu suspender os atendimentos presenciais nos 11 n\u00facleos regionais, a partir desta ter\u00e7a-feira, 2, pelo prazo de 15 dias, mas caso necess\u00e1rio, o prazo poder\u00e1 [&hellip;]<\/p>\n","protected":false},"author":2,"featured_media":7695,"comment_status":"open","ping_status":"open","sticky":false,"template":"","format":"standard","meta":[],"categories":[3],"tags":[13],"_links":{"self":[{"href":"https:\/\/dgospel.com.br\/portal\/index.php\/wp-json\/wp\/v2\/posts\/7694"}],"collection":[{"href":"https:\/\/dgospel.com.br\/portal\/index.php\/wp-json\/wp\/v2\/posts"}],"about":[{"href":"https:\/\/dgospel.com.br\/portal\/index.php\/wp-json\/wp\/v2\/types\/post"}],"author":[{"embeddable":true,"href":"https:\/\/dgospel.com.br\/portal\/index.php\/wp-json\/wp\/v2\/users\/2"}],"replies":[{"embeddable":true,"href":"https:\/\/dgospel.com.br\/portal\/index.php\/wp-json\/wp\/v2\/comments?post=7694"}],"version-history":[{"count":1,"href":"https:\/\/dgospel.com.br\/portal\/index.php\/wp-json\/wp\/v2\/posts\/7694\/revisions"}],"predecessor-version":[{"id":7696,"href":"https:\/\/dgospel.com.br\/portal\/index.php\/wp-json\/wp\/v2\/posts\/7694\/revisions\/7696"}],"wp:featuredmedia":[{"embeddable":true,"href":"https:\/\/dgospel.com.br\/portal\/index.php\/wp-json\/wp\/v2\/media\/7695"}],"wp:attachment":[{"href":"https:\/\/dgospel.com.br\/portal\/index.php\/wp-json\/wp\/v2\/media?parent=7694"}],"wp:term":[{"taxonomy":"category","embeddable":true,"href":"https:\/\/dgospel.com.br\/portal\/index.php\/wp-json\/wp\/v2\/categories?post=7694"},{"taxonomy":"post_tag","embeddable":true,"href":"https:\/\/dgospel.com.br\/portal\/index.php\/wp-json\/wp\/v2\/tags?post=7694"}],"curies":[{"name":"wp","href":"https:\/\/api.w.org\/{rel}","templated":true}]}}