{"id":7706,"date":"2021-03-02T22:50:44","date_gmt":"2021-03-03T01:50:44","guid":{"rendered":"http:\/\/dgospel.com.br\/portal\/?p=7706"},"modified":"2021-03-02T22:50:45","modified_gmt":"2021-03-03T01:50:45","slug":"cinthia-ribeiro-se-reune-com-segmento-economico-e-vereadores-para-discutir-estrategias-de-enfrentamento-a-covid-19","status":"publish","type":"post","link":"https:\/\/dgospel.com.br\/portal\/index.php\/2021\/03\/02\/cinthia-ribeiro-se-reune-com-segmento-economico-e-vereadores-para-discutir-estrategias-de-enfrentamento-a-covid-19\/","title":{"rendered":"Cinthia Ribeiro se re\u00fane com segmento econ\u00f4mico e vereadores para discutir estrat\u00e9gias de enfrentamento \u00e0 Covid-19"},"content":{"rendered":"\n<p>A prefeita de Palmas, Cinthia Ribeiro, reuniu-se no in\u00edcio da tarde desta ter\u00e7a-feira, 02, com representantes do segmento econ\u00f4mico e vereadores da Capital para apresentar o quadro epidemiol\u00f3gico atual e discutir estrat\u00e9gias de enfrentamento \u00e0 situa\u00e7\u00e3o. Ao apresentar dados desta ter\u00e7a, que informam 214 interna\u00e7\u00f5es na Capital, sendo 83 pacientes em Unidades de Tratamento Intensivo (UTI), a Prefeita observou que este \u00e9 o pior momento desde o in\u00edcio da pandemia, com uma grande sobrecarga na rede p\u00fablica de sa\u00fade, que, a continuar nesse ritmo, poder\u00e1 entrar em colapso. \u201cQualquer decis\u00e3o s\u00f3 ser\u00e1 assertiva se pensarmos de forma conjunta\u201d, pontuou a prefeita.<\/p>\n\n\n\n<p>A gestora fez uma presta\u00e7\u00e3o de contas, relatando que em 2020 foram direcionados R$ 280 milh\u00f5es para a \u00e1rea da Sa\u00fade, dos quais R$ 148 milh\u00f5es de recursos pr\u00f3prios, ou seja, arrecada\u00e7\u00e3o pr\u00f3pria do Munic\u00edpio. O investimento atingiu 21,1% do or\u00e7amento total, bem acima do teto constitucional, que \u00e9 de 15%. Somente em medicamentos foram despendidos R$ 18 milh\u00f5es e outros R$ 2,8 milh\u00f5es em UTIs. Ela relacionou ainda a contrata\u00e7\u00e3o de 120 profissionais dentre m\u00e9dicos, enfermeiros e t\u00e9cnicos, al\u00e9m de outros investimentos.<\/p>\n\n\n\n<p>Leitos de estabiliza\u00e7\u00e3o<\/p>\n\n\n\n<p>A Prefeita informou ainda que atualmente a estrutura do Munic\u00edpio disp\u00f5e de 41 leitos de estabiliza\u00e7\u00e3o, sendo 34 na UPA Norte (exclusivos para Covid) e 7 leitos na UPA Sul; duas usinas de oxig\u00eanio, al\u00e9m de tr\u00eas ambul\u00e2ncias especializadas no transporte de pacientes contaminados com o novo coronav\u00edrus. O Munic\u00edpio disp\u00f5e ainda de 36 leitos cl\u00ednicos da rede privada.<\/p>\n\n\n\n<p>Cinthia anunciou que o n\u00famero de leitos nas duas UPAS ser\u00e1 ampliado em mais 40 leitos de estabiliza\u00e7\u00e3o, sendo que 12 ser\u00e3o entregues at\u00e9 a pr\u00f3xima semana e o restante at\u00e9 o final do m\u00eas, totalizando dessa forma 81 leitos na rede de sa\u00fade do Munic\u00edpio. Ela afirmou ainda que a UPA Sul ser\u00e1 dedicada somente ao atendimento a pacientes de Covid-19, e que o atendimento de emerg\u00eancia dessa UPA ser\u00e1 direcionado para a Unidade de Sa\u00fade da Fam\u00edlia Jos\u00e9 Hermes, no setor Lago Sul. Est\u00e1 unidade de sa\u00fade ter\u00e1 seu atendimento transferido para um pr\u00e9dio requisitado.<\/p>\n\n\n\n<p>Leitos de UTI<\/p>\n\n\n\n<p>Com 10 leitos de UTI j\u00e1 credenciados na rede privada desde o ano passado, disponibilizados no sistema p\u00fablico de sa\u00fade, a Secretaria da Sa\u00fade fechou no in\u00edcio desta tarde a contrata\u00e7\u00e3o de mais 10 leitos de UTI na rede privada, sendo que sete estar\u00e3o dispon\u00edveis em at\u00e9 sete dias, e os outros cinco, dentro de 15 a 20 dias.&nbsp;<\/p>\n\n\n\n<p>Transfer\u00eancia de pacientes<\/p>\n\n\n\n<p>As solicita\u00e7\u00f5es de transfer\u00eancia de pacientes com Covid-19 das UPAs para os leitos de UTI s\u00e3o inseridas no Sistema de Regula\u00e7\u00e3o do Estado (SER), por meio da Central de Regula\u00e7\u00e3o Municipal. Vale ressaltar que, no caso da indisponibilidade de leitos de UTI da rede p\u00fablica e de contratualiza\u00e7\u00e3o estadual, os leitos da Semus s\u00e3o disponibilizados prioritariamente a pacientes residentes em Palmas.<\/p>\n\n\n\n<p>Participaram da reuni\u00e3o os representantes de segmentos empresariais: Roberto Pires (presidente da Fieto), Fabiano do Vale (presidente da Faciet), Itelvino Pisoni (presidente da Fecom\u00e9rcio), Joseph Madeira (presidente da Acipa), Silvan Portilho (presidente da CDL Palmas) e Mois\u00e9s Gomes (diretor-presidente do Sebrae\/TO).<\/p>\n\n\n\n<p>Pela C\u00e2mara Municipal, participaram: Jannad Valcari (presidente), Solange Duailibe, Laudecy Coimbra, Iolanda Castro, J\u00fanior Bras\u00e3o, Moisemar Marinho, Pedro Cardoso, Waldson da Agesp, Daniel Nascimento, Jucelino Rodrigues, Eudes Assis, Filipe Martins, Rog\u00e9rio Freitas, Jos\u00e9 do Lago Folha Filho, Joatan de Jesus, Rog\u00e9rio Freitas, Rubens Uchoa e M\u00e1rcio Reis.<\/p>\n","protected":false},"excerpt":{"rendered":"<p>A prefeita de Palmas, Cinthia Ribeiro, reuniu-se no in\u00edcio da tarde desta ter\u00e7a-feira, 02, com representantes do segmento econ\u00f4mico e vereadores da Capital para apresentar o quadro epidemiol\u00f3gico atual e discutir estrat\u00e9gias de enfrentamento \u00e0 situa\u00e7\u00e3o. Ao apresentar dados desta ter\u00e7a, que informam 214 interna\u00e7\u00f5es na Capital, sendo 83 pacientes em Unidades de Tratamento Intensivo [&hellip;]<\/p>\n","protected":false},"author":2,"featured_media":7707,"comment_status":"open","ping_status":"open","sticky":false,"template":"","format":"standard","meta":[],"categories":[4],"tags":[13],"_links":{"self":[{"href":"https:\/\/dgospel.com.br\/portal\/index.php\/wp-json\/wp\/v2\/posts\/7706"}],"collection":[{"href":"https:\/\/dgospel.com.br\/portal\/index.php\/wp-json\/wp\/v2\/posts"}],"about":[{"href":"https:\/\/dgospel.com.br\/portal\/index.php\/wp-json\/wp\/v2\/types\/post"}],"author":[{"embeddable":true,"href":"https:\/\/dgospel.com.br\/portal\/index.php\/wp-json\/wp\/v2\/users\/2"}],"replies":[{"embeddable":true,"href":"https:\/\/dgospel.com.br\/portal\/index.php\/wp-json\/wp\/v2\/comments?post=7706"}],"version-history":[{"count":1,"href":"https:\/\/dgospel.com.br\/portal\/index.php\/wp-json\/wp\/v2\/posts\/7706\/revisions"}],"predecessor-version":[{"id":7708,"href":"https:\/\/dgospel.com.br\/portal\/index.php\/wp-json\/wp\/v2\/posts\/7706\/revisions\/7708"}],"wp:featuredmedia":[{"embeddable":true,"href":"https:\/\/dgospel.com.br\/portal\/index.php\/wp-json\/wp\/v2\/media\/7707"}],"wp:attachment":[{"href":"https:\/\/dgospel.com.br\/portal\/index.php\/wp-json\/wp\/v2\/media?parent=7706"}],"wp:term":[{"taxonomy":"category","embeddable":true,"href":"https:\/\/dgospel.com.br\/portal\/index.php\/wp-json\/wp\/v2\/categories?post=7706"},{"taxonomy":"post_tag","embeddable":true,"href":"https:\/\/dgospel.com.br\/portal\/index.php\/wp-json\/wp\/v2\/tags?post=7706"}],"curies":[{"name":"wp","href":"https:\/\/api.w.org\/{rel}","templated":true}]}}