{"id":771,"date":"2018-07-17T08:37:20","date_gmt":"2018-07-17T11:37:20","guid":{"rendered":"http:\/\/dgospel.com.br\/portal\/?p=771"},"modified":"2018-07-17T08:37:20","modified_gmt":"2018-07-17T11:37:20","slug":"ad-em-pernambuco-realiza-a-5a-concentracao-evangelistica-do-centenario","status":"publish","type":"post","link":"https:\/\/dgospel.com.br\/portal\/index.php\/2018\/07\/17\/ad-em-pernambuco-realiza-a-5a-concentracao-evangelistica-do-centenario\/","title":{"rendered":"AD em Pernambuco realiza a 5\u00aa Concentra\u00e7\u00e3o Evangel\u00edstica do Centen\u00e1rio"},"content":{"rendered":"<p>No \u00faltimo s\u00e1bado (14) cerca de 30 mil pessoas estiveram presentes na 5\u00aa Concentra\u00e7\u00e3o do Centen\u00e1rio das Assembleias de Deus em Pernambuco, liderada pelo pastor Ailton Jos\u00e9 da Silva.<\/p>\n<p>O evento aconteceu na cidade Palmares, localizada na regi\u00e3o da Mata Sul do Estado, e teve a participa\u00e7\u00e3o de lideran\u00e7as de todo o Estado, grupos musicais e cantores da regi\u00e3o, entre eles, a cantora Eli\u00e3 Oliveira.<\/p>\n<p>Ao final do evento, 113 almas se renderam a Cristo. O encerramento das comemora\u00e7\u00f5es do Centen\u00e1rio da AD em Pernambuco ser\u00e1 realizado em outubro.<\/p>\n<p><strong>Com informa\u00e7\u00f5es e fotos de IEADPE<\/strong>\u00a0|<\/p>\n","protected":false},"excerpt":{"rendered":"<p>No \u00faltimo s\u00e1bado (14) cerca de 30 mil pessoas estiveram presentes na 5\u00aa Concentra\u00e7\u00e3o do Centen\u00e1rio das Assembleias de Deus em Pernambuco, liderada pelo pastor Ailton Jos\u00e9 da Silva. O evento aconteceu na cidade Palmares, localizada na regi\u00e3o da Mata Sul do Estado, e teve a participa\u00e7\u00e3o de lideran\u00e7as de todo o Estado, grupos musicais [&hellip;]<\/p>\n","protected":false},"author":2,"featured_media":772,"comment_status":"open","ping_status":"open","sticky":false,"template":"","format":"standard","meta":[],"categories":[2,10,5],"tags":[],"_links":{"self":[{"href":"https:\/\/dgospel.com.br\/portal\/index.php\/wp-json\/wp\/v2\/posts\/771"}],"collection":[{"href":"https:\/\/dgospel.com.br\/portal\/index.php\/wp-json\/wp\/v2\/posts"}],"about":[{"href":"https:\/\/dgospel.com.br\/portal\/index.php\/wp-json\/wp\/v2\/types\/post"}],"author":[{"embeddable":true,"href":"https:\/\/dgospel.com.br\/portal\/index.php\/wp-json\/wp\/v2\/users\/2"}],"replies":[{"embeddable":true,"href":"https:\/\/dgospel.com.br\/portal\/index.php\/wp-json\/wp\/v2\/comments?post=771"}],"version-history":[{"count":1,"href":"https:\/\/dgospel.com.br\/portal\/index.php\/wp-json\/wp\/v2\/posts\/771\/revisions"}],"predecessor-version":[{"id":773,"href":"https:\/\/dgospel.com.br\/portal\/index.php\/wp-json\/wp\/v2\/posts\/771\/revisions\/773"}],"wp:featuredmedia":[{"embeddable":true,"href":"https:\/\/dgospel.com.br\/portal\/index.php\/wp-json\/wp\/v2\/media\/772"}],"wp:attachment":[{"href":"https:\/\/dgospel.com.br\/portal\/index.php\/wp-json\/wp\/v2\/media?parent=771"}],"wp:term":[{"taxonomy":"category","embeddable":true,"href":"https:\/\/dgospel.com.br\/portal\/index.php\/wp-json\/wp\/v2\/categories?post=771"},{"taxonomy":"post_tag","embeddable":true,"href":"https:\/\/dgospel.com.br\/portal\/index.php\/wp-json\/wp\/v2\/tags?post=771"}],"curies":[{"name":"wp","href":"https:\/\/api.w.org\/{rel}","templated":true}]}}