{"id":7724,"date":"2021-03-04T00:23:29","date_gmt":"2021-03-04T03:23:29","guid":{"rendered":"http:\/\/dgospel.com.br\/portal\/?p=7724"},"modified":"2021-03-04T00:23:30","modified_gmt":"2021-03-04T03:23:30","slug":"prefeitura-de-palmas-amplia-restricoes-e-suspende-atividades-nao-essenciais-para-desacelerar-avanco-da-covid-19","status":"publish","type":"post","link":"https:\/\/dgospel.com.br\/portal\/index.php\/2021\/03\/04\/prefeitura-de-palmas-amplia-restricoes-e-suspende-atividades-nao-essenciais-para-desacelerar-avanco-da-covid-19\/","title":{"rendered":"Prefeitura de Palmas amplia restri\u00e7\u00f5es e suspende atividades n\u00e3o essenciais para desacelerar avan\u00e7o da Covid-19"},"content":{"rendered":"\n<p>A Prefeitura de Palmas decidiu suspender as atividades e os servi\u00e7os n\u00e3o\nessenciais, para ampliar as restri\u00e7\u00f5es de mobilidade urbana, na tentativa de\nminimizar a circula\u00e7\u00e3o do v\u00edrus e reduzir o ritmo de cont\u00e1gio e de interna\u00e7\u00f5es\nna Capital.&nbsp; As medidas constantes no Decreto n\u00ba 2.003, publicado no\nDi\u00e1rio Oficial do Munic\u00edpio desta quarta, 3, passam a valer a partir deste\ns\u00e1bado, 6, e v\u00e3o at\u00e9 o dia 16 de mar\u00e7o.<\/p>\n\n\n\n<p>Pelo decreto, ficam suspensos os eventos de toda e qualquer natureza na\nCapital. Tamb\u00e9m fica determinado o fechamento de todas as atividades comerciais\naos domingos, exceto postos de combust\u00edveis, farm\u00e1cias, servi\u00e7os hospitalares e\nservi\u00e7os de hotelaria; bem como o fechamento de todos os espa\u00e7os p\u00fablicos da\nCapital.<\/p>\n\n\n\n<p>O decreto traz a rela\u00e7\u00e3o de atividades consideradas essenciais (confira\nno final desta mat\u00e9ria), que poder\u00e3o abrir nesse per\u00edodo, mediante algumas\nregras, como hor\u00e1rio de funcionamento, entre 6h e 20h, exceto para postos de\ncombust\u00edveis, farm\u00e1cias, servi\u00e7os hospitalares, servi\u00e7os de hotelaria, de\nseguran\u00e7a p\u00fablica e privada, de t\u00e1xis, bem como empresas que atuam como ve\u00edculo\nde comunica\u00e7\u00e3o. Os segmentos n\u00e3o inclusos nessa rela\u00e7\u00e3o poder\u00e3o funcionar,\nexclusivamente, para entrega em domic\u00edlio.<\/p>\n\n\n\n<p>Empresas do com\u00e9rcio varejista e atacadista de produtos aliment\u00edcios\ndever\u00e3o limitar a uma pessoa por fam\u00edlia a entrada no estabelecimento, que\ndever\u00e1 restringir o quantitativo de consumidores nos ambientes em 50% da\ncapacidade total. Esses estabelecimentos poder\u00e3o funcionar at\u00e9 \u00e0s 22 horas.<\/p>\n\n\n\n<p>As ag\u00eancias banc\u00e1rias e casas lot\u00e9ricas t\u00eam o funcionamento regulado na\nlegisla\u00e7\u00e3o federal.<\/p>\n\n\n\n<p>O decreto tamb\u00e9m suspende os prazos administrativos e tribut\u00e1rios\nprevistos na legisla\u00e7\u00e3o municipal. Est\u00e3o excetuados da suspens\u00e3o aqueles\ndecorrentes das atividades econ\u00f4micas n\u00e3o suspensas pelo decreto, de\nprocedimentos licitat\u00f3rios e de medidas impostas pela Administra\u00e7\u00e3o em raz\u00e3o da\npandemia.<\/p>\n\n\n\n<p>Fiscaliza\u00e7\u00e3o e penalidades<\/p>\n\n\n\n<p>A Secretaria Municipal da Sa\u00fade (Semus), por meio da Vigil\u00e2ncia\nSanit\u00e1ria, atuar\u00e1 em conjunto com a Secretaria de Seguran\u00e7a e Mobilidade Urbana\ne a Secretaria de Desenvolvimento Urbano e Servi\u00e7os Regionais, inclusive com\napoio das for\u00e7as de seguran\u00e7a do Estado, para garantir o cumprimento do\ndecreto. Para tanto, a Semus est\u00e1 autorizada a requisitar servidores ocupantes\ndo cargo de Agente de Combate \u00e0s Endemias para auxiliar na fiscaliza\u00e7\u00e3o.<\/p>\n\n\n\n<p>O descumprimento das medidas sujeita o infrator \u00e0s penalidades previstas\nna Lei Federal n\u00ba 6.437\/1977 e nas Leis Municipais n\u00ba 371\/1992 e n\u00ba 1.840\/2011;\nainda, \u00e0s penalidades administrativas, c\u00edveis e criminais, conforme o caso,\ninclusive cassa\u00e7\u00e3o de alvar\u00e1, na hip\u00f3tese de reincid\u00eancia. No caso dos crimes\ncontra a sa\u00fade p\u00fablica e de desobedi\u00eancia, previstos nos artigos 268 e 330,\nrespectivamente, do C\u00f3digo Penal, o infrator ser\u00e1 conduzido pela autoridade\nmunicipal ou estadual competente \u00e0 autoridade policial para apura\u00e7\u00e3o dos fatos.<\/p>\n\n\n\n<p>Decretos anteriores<\/p>\n\n\n\n<p>S\u00e3o aplicadas subsidiariamente a este Decreto, quando n\u00e3o lhe sejam\ncontr\u00e1rias, as regras contidas nos Decretos n\u00b0 1.856\/2020; n\u00ba 1.889\/2020; n\u00b0\n1.996\/2020; e n\u00b0 1.998\/2020.<\/p>\n\n\n\n<p>Importante ressaltar que ficam suspensos, no que contrariar o decreto\npublicado nesta quarta, durante sua vig\u00eancia, os efeitos dos atos normativos constantes\nnos decretos n\u00ba 1.880\/2020, quanto ao setor da constru\u00e7\u00e3o civil; n\u00ba 1.903\/2020\ne n\u00ba 1.896\/2020 no que diz respeito ao restabelecimento de atividades suspensas\ne retirada de medidas restritivas; n\u00ba 1.905\/2020 que trata de cultos em templos\nreligiosos e afins; e n\u00ba 1.954\/2020, sobre acesso pela popula\u00e7\u00e3o a espa\u00e7os\np\u00fablicos e privados.<\/p>\n\n\n\n<p>SERVI\u00c7OS E ATIVIDADES PERMITIDOS<\/p>\n\n\n\n<ul><li>Estabelecimentos\n     de sa\u00fade relacionados a atendimento de urg\u00eancia e emerg\u00eancia, cl\u00ednicas\n     m\u00e9dicas e de reabilita\u00e7\u00e3o, emerg\u00eancias odontol\u00f3gicas, cl\u00ednicas de\n     vacina\u00e7\u00e3o, cl\u00ednicas de imagem, servi\u00e7os de testagem para Covid-19,\n     cl\u00ednicas veterin\u00e1rias para atendimento emergencial;<\/li><li>Farm\u00e1cias\n     e drogarias;<\/li><li>Cemit\u00e9rios\n     e funer\u00e1rias;<\/li><li>Distribuidores\n     e revendedores de g\u00e1s e de combust\u00edveis;<\/li><li>Com\u00e9rcio\n     varejista e atacadista de produtos aliment\u00edcios;<\/li><li>Servi\u00e7o\n     de call center restrito \u00e0s \u00e1reas de seguran\u00e7a, alimenta\u00e7\u00e3o, sa\u00fade,\n     telecomunica\u00e7\u00f5es e utilidade p\u00fablica;<\/li><li>Servi\u00e7os\n     de seguran\u00e7a p\u00fablica e privada;<\/li><li>Servi\u00e7os\n     p\u00fablicos executados mediante concess\u00e3o;<\/li><li>Servi\u00e7os\n     prestados por empresas privadas de transporte, incluindo as de\n     aplicativos, t\u00e1xis, transportadoras e aquelas que realizam entrega em\n     domic\u00edlio;<\/li><li>Empresas\n     que atuam como ve\u00edculo de comunica\u00e7\u00e3o;<\/li><li>Hot\u00e9is,\n     pousadas e correlatos;<\/li><li>Servi\u00e7os\n     de assist\u00eancia social e atendimento \u00e0 popula\u00e7\u00e3o em estado de\n     vulnerabilidade;<\/li><li>Servi\u00e7os\n     em oficinas mec\u00e2nicas e borracharias para realizar atendimento a\n     urg\u00eancias\/emerg\u00eancias;<\/li><li>Atendimento\n     ao p\u00fablico nas centrais de atendimento do Resolve Palmas, mediante\n     agendamento pr\u00e9vio;<\/li><li>Organiza\u00e7\u00f5es\n     religiosas para atendimentos individualizados previamente agendados.<\/li><\/ul>\n\n\n\n<p>SERVI\u00c7OS E ATIVIDADES SUSPENSOS<\/p>\n\n\n\n<ul><li>Eventos\n     de toda e qualquer natureza na Capital;<\/li><li>Todas\n     as atividades e servi\u00e7os que n\u00e3o se enquadram nas exce\u00e7\u00f5es relacionadas no\n     par\u00e1grafo 1\u00ba do art. 1\u00ba do Decreto n\u00ba 2.003\/2021;<\/li><li>Missas\n     e cultos, liturgias e celebra\u00e7\u00f5es de qualquer natureza dever\u00e3o acontecer\n     no formato on line, sem restri\u00e7\u00e3o de hor\u00e1rio;<\/li><li>Os\n     segmentos n\u00e3o inclusos entre as exce\u00e7\u00f5es poder\u00e3o funcionar,\n     exclusivamente, para entrega em domic\u00edlio;<\/li><li>Prazos\n     administrativos e tribut\u00e1rios previstos na legisla\u00e7\u00e3o municipal, exceto:<ul><li>aqueles\n      decorrentes das atividades econ\u00f4micas n\u00e3o suspensas pelo Decreto, de\n      procedimentos licitat\u00f3rios e de medidas impostas pela Administra\u00e7\u00e3o em\n      raz\u00e3o da pandemia<\/li><\/ul><\/li><li>Fechadas\n     todas as atividades comerciais aos domingos, exceto postos de\n     combust\u00edveis, farm\u00e1cias, servi\u00e7os hospitalares e servi\u00e7os de hotelaria;<\/li><li>Fechados\n     todos os espa\u00e7os p\u00fablicos da Capital.<\/li><\/ul>\n","protected":false},"excerpt":{"rendered":"<p>A Prefeitura de Palmas decidiu suspender as atividades e os servi\u00e7os n\u00e3o essenciais, para ampliar as restri\u00e7\u00f5es de mobilidade urbana, na tentativa de minimizar a circula\u00e7\u00e3o do v\u00edrus e reduzir o ritmo de cont\u00e1gio e de interna\u00e7\u00f5es na Capital.&nbsp; As medidas constantes no Decreto n\u00ba 2.003, publicado no Di\u00e1rio Oficial do Munic\u00edpio desta quarta, 3, [&hellip;]<\/p>\n","protected":false},"author":2,"featured_media":7726,"comment_status":"open","ping_status":"open","sticky":false,"template":"","format":"standard","meta":[],"categories":[4],"tags":[],"_links":{"self":[{"href":"https:\/\/dgospel.com.br\/portal\/index.php\/wp-json\/wp\/v2\/posts\/7724"}],"collection":[{"href":"https:\/\/dgospel.com.br\/portal\/index.php\/wp-json\/wp\/v2\/posts"}],"about":[{"href":"https:\/\/dgospel.com.br\/portal\/index.php\/wp-json\/wp\/v2\/types\/post"}],"author":[{"embeddable":true,"href":"https:\/\/dgospel.com.br\/portal\/index.php\/wp-json\/wp\/v2\/users\/2"}],"replies":[{"embeddable":true,"href":"https:\/\/dgospel.com.br\/portal\/index.php\/wp-json\/wp\/v2\/comments?post=7724"}],"version-history":[{"count":1,"href":"https:\/\/dgospel.com.br\/portal\/index.php\/wp-json\/wp\/v2\/posts\/7724\/revisions"}],"predecessor-version":[{"id":7727,"href":"https:\/\/dgospel.com.br\/portal\/index.php\/wp-json\/wp\/v2\/posts\/7724\/revisions\/7727"}],"wp:featuredmedia":[{"embeddable":true,"href":"https:\/\/dgospel.com.br\/portal\/index.php\/wp-json\/wp\/v2\/media\/7726"}],"wp:attachment":[{"href":"https:\/\/dgospel.com.br\/portal\/index.php\/wp-json\/wp\/v2\/media?parent=7724"}],"wp:term":[{"taxonomy":"category","embeddable":true,"href":"https:\/\/dgospel.com.br\/portal\/index.php\/wp-json\/wp\/v2\/categories?post=7724"},{"taxonomy":"post_tag","embeddable":true,"href":"https:\/\/dgospel.com.br\/portal\/index.php\/wp-json\/wp\/v2\/tags?post=7724"}],"curies":[{"name":"wp","href":"https:\/\/api.w.org\/{rel}","templated":true}]}}