{"id":7728,"date":"2021-03-04T17:48:36","date_gmt":"2021-03-04T20:48:36","guid":{"rendered":"http:\/\/dgospel.com.br\/portal\/?p=7728"},"modified":"2021-03-04T17:50:58","modified_gmt":"2021-03-04T20:50:58","slug":"omep-questiona-decreta-da-prefeitura-de-palmas-que-proibe-cultos-sem-consultar-a-entidade","status":"publish","type":"post","link":"https:\/\/dgospel.com.br\/portal\/index.php\/2021\/03\/04\/omep-questiona-decreta-da-prefeitura-de-palmas-que-proibe-cultos-sem-consultar-a-entidade\/","title":{"rendered":"OMEP questiona decreta da prefeitura de Palmas proibindo cultos sem consultar a entidade"},"content":{"rendered":"\n<p>Ao tomar conhecimento da publica\u00e7\u00e3o do Decreto n\u00ba 2003 de\n03-03-2021, que instituiu lockdow parcial na cidade de Palmas TO, a Ordem dos\nMinistros do Evangelho Palmas (OMEP), se manifesta atrav\u00e9s de nota, em que explica\nque a entidade representativa fundada em 8 de novembro de 1995 na capital\nTocantins, vem cumprindo com extremo zelo todos os decretos municipais, no\nentanto n\u00e3o foi em nenhum momento convidada a participar de nenhuma reuni\u00e3o\npara manifestar o pensamento e demandas dos evang\u00e9licos da capital que hoje\nrepresenta mais de 30% da popula\u00e7\u00e3o, n\u00e3o foi nem ao menos informada sobre\ndecretos e decis\u00f5es que afeta a classe evang\u00e9lica que representa.<\/p>\n\n\n\n<p>A nota explica ainda que, a entidade vem manifestando seu\napoio e solidariedade \u00e0s fam\u00edlias atingidas pelo novo Coronav\u00edrus, bem como tem\nacompanhado o crescimento da doen\u00e7a, atrav\u00e9s da m\u00eddia local e nacional e a\ngravidade em que se encontra o sistema de sa\u00fade de Palmas, deixando a popula\u00e7\u00e3o\nassustada nesta pandemia que tem tirado vidas de pessoas queridas de v\u00e1rias\nfam\u00edlias.<\/p>\n\n\n\n<p>O presidente da entidade, Mission\u00e1rio Carlos Roberto Lopes,\ndisse que que a igreja tem sido parceira neste tempo dif\u00edcil que atravessamos\nprestando assist\u00eancia social, espiritual, atrav\u00e9s das prega\u00e7\u00f5es aconselhamento,\nora\u00e7\u00f5es, e acompanhamento das pessoas vulner\u00e1veis.&nbsp; <\/p>\n\n\n\n<p>\u201cO culto \u00e9 direito inviol\u00e1vel conforme a constitui\u00e7\u00e3o\nFederal de 1988, pois nos cultos pessoas tem sido aben\u00e7oadas e at\u00e9 curadas,\nf\u00edsica e emocionalmente; e que a igreja tem ajudado o poder p\u00fablico levando\nal\u00edvio em meio a tantas press\u00f5es espiritual, psicol\u00f3gica, financeira e familiar\u201d,\nexplica &nbsp;<\/p>\n\n\n\n<p>Mission\u00e1rio Carlos Roberto Lopes questiona que a gest\u00e3o\nmunicipal deveria ter encontrado uma maneira das igrejas continuarem\nfuncionando e realizando seus cultos presenciais mesmo com quantidade reduzida\nobservando os demais decretos e protocolos j\u00e1 amplamente divulgados. &nbsp;\u201cA sua essencialidade requer que a gest\u00e3o do\nmunic\u00edpio junto com a C\u00e2mara trabalhe pela aprova\u00e7\u00e3o de uma lei que reconhece a\nigreja como atividade essencial, pois toda sociedade ser\u00e1 beneficiada em meio \u00e0\ncrise que se instalou\u201d, disse o presidente.<\/p>\n\n\n\n<p>A nota finaliza convocando todos os filiados e demais interessados a darem sua contribui\u00e7\u00e3o para que tenham calma e como crist\u00e3os sigam as instru\u00e7\u00f5es contidas no referido decreto. <\/p>\n\n\n\n<p>Confira a nota<\/p>\n\n\n\n<figure class=\"wp-block-image\"><img loading=\"lazy\" width=\"689\" height=\"1024\" src=\"http:\/\/dgospel.com.br\/portal\/wp-content\/uploads\/2021\/03\/00000000000000000000000000000000-1-689x1024.jpg\" alt=\"\" class=\"wp-image-7730\" srcset=\"https:\/\/dgospel.com.br\/portal\/wp-content\/uploads\/2021\/03\/00000000000000000000000000000000-1-689x1024.jpg 689w, https:\/\/dgospel.com.br\/portal\/wp-content\/uploads\/2021\/03\/00000000000000000000000000000000-1-202x300.jpg 202w, https:\/\/dgospel.com.br\/portal\/wp-content\/uploads\/2021\/03\/00000000000000000000000000000000-1-768x1142.jpg 768w, https:\/\/dgospel.com.br\/portal\/wp-content\/uploads\/2021\/03\/00000000000000000000000000000000-1.jpg 861w\" sizes=\"(max-width: 689px) 100vw, 689px\" \/><\/figure>\n\n\n\n<p><\/p>\n","protected":false},"excerpt":{"rendered":"<p>Ao tomar conhecimento da publica\u00e7\u00e3o do Decreto n\u00ba 2003 de 03-03-2021, que instituiu lockdow parcial na cidade de Palmas TO, a Ordem dos Ministros do Evangelho Palmas (OMEP), se manifesta atrav\u00e9s de nota, em que explica que a entidade representativa fundada em 8 de novembro de 1995 na capital Tocantins, vem cumprindo com extremo zelo [&hellip;]<\/p>\n","protected":false},"author":2,"featured_media":7729,"comment_status":"open","ping_status":"open","sticky":false,"template":"","format":"standard","meta":[],"categories":[5],"tags":[],"_links":{"self":[{"href":"https:\/\/dgospel.com.br\/portal\/index.php\/wp-json\/wp\/v2\/posts\/7728"}],"collection":[{"href":"https:\/\/dgospel.com.br\/portal\/index.php\/wp-json\/wp\/v2\/posts"}],"about":[{"href":"https:\/\/dgospel.com.br\/portal\/index.php\/wp-json\/wp\/v2\/types\/post"}],"author":[{"embeddable":true,"href":"https:\/\/dgospel.com.br\/portal\/index.php\/wp-json\/wp\/v2\/users\/2"}],"replies":[{"embeddable":true,"href":"https:\/\/dgospel.com.br\/portal\/index.php\/wp-json\/wp\/v2\/comments?post=7728"}],"version-history":[{"count":2,"href":"https:\/\/dgospel.com.br\/portal\/index.php\/wp-json\/wp\/v2\/posts\/7728\/revisions"}],"predecessor-version":[{"id":7732,"href":"https:\/\/dgospel.com.br\/portal\/index.php\/wp-json\/wp\/v2\/posts\/7728\/revisions\/7732"}],"wp:featuredmedia":[{"embeddable":true,"href":"https:\/\/dgospel.com.br\/portal\/index.php\/wp-json\/wp\/v2\/media\/7729"}],"wp:attachment":[{"href":"https:\/\/dgospel.com.br\/portal\/index.php\/wp-json\/wp\/v2\/media?parent=7728"}],"wp:term":[{"taxonomy":"category","embeddable":true,"href":"https:\/\/dgospel.com.br\/portal\/index.php\/wp-json\/wp\/v2\/categories?post=7728"},{"taxonomy":"post_tag","embeddable":true,"href":"https:\/\/dgospel.com.br\/portal\/index.php\/wp-json\/wp\/v2\/tags?post=7728"}],"curies":[{"name":"wp","href":"https:\/\/api.w.org\/{rel}","templated":true}]}}