{"id":7733,"date":"2021-03-04T18:15:30","date_gmt":"2021-03-04T21:15:30","guid":{"rendered":"http:\/\/dgospel.com.br\/portal\/?p=7733"},"modified":"2021-03-04T18:15:32","modified_gmt":"2021-03-04T21:15:32","slug":"bolsonaro-cita-a-biblia-ao-falar-de-pandemia-e-diz-nao-temas","status":"publish","type":"post","link":"https:\/\/dgospel.com.br\/portal\/index.php\/2021\/03\/04\/bolsonaro-cita-a-biblia-ao-falar-de-pandemia-e-diz-nao-temas\/","title":{"rendered":"Bolsonaro cita a B\u00edblia ao falar de pandemia e diz \u201cn\u00e3o temas\u201d"},"content":{"rendered":"\n<p>O presidente da Rep\u00fablica, Jair Bolsonaro, afirmou nesta quinta-feira (4) que \u00e9 preciso \u201cenfrentar o problema de peito aberto\u201d e parar de \u201cfrescura\u201d. Bolsonaro voltou a apelar para que governadores e prefeitos n\u00e3o adotem medidas restritivas para conter a crise sanit\u00e1ria.<\/p>\n\n\n\n<p>O chefe do Executivo tamb\u00e9m disse que gostaria de ter o poder para definir a pol\u00edtica de enfrentamento ao v\u00edrus. Contr\u00e1rio a medidas de fechamento, Bolsonaro voltou a elogiar o \u201chomem do campo\u201d por ter continuado a produzir durante a pandemia da Covid-19.<\/p>\n\n\n\n<p>\u2013 Voc\u00eas (produtores rurais) n\u00e3o ficaram em casa, n\u00e3o se acovardaram. N\u00f3s temos que enfrentar os nossos problemas. Chega de frescura e de mimimi. V\u00e3o ficar chorando at\u00e9 quando? Temos que enfrentar os problemas. Respeitar, obviamente, os idosos, aqueles que t\u00eam doen\u00e7as, comorbidades, mas onde vai parar o Brasil se n\u00f3s pararmos? A pr\u00f3pria B\u00edblia diz, em 365 cita\u00e7\u00f5es, ela diz: \u201cn\u00e3o temas\u201d \u2013 disse o presidente da Rep\u00fablica, em evento de inaugura\u00e7\u00e3o de trecho da ferrovia Norte-Sul, em S\u00e3o Sim\u00e3o (GO).<\/p>\n\n\n\n<p><strong>VACINAS<br><\/strong>Sobre a compra de vacinas, Bolsonaro disse que o governo \u00e9 respons\u00e1vel e est\u00e1 \u201cfazendo o que \u00e9 certo\u201d. Ele citou a chegada de 20 milh\u00f5es de imunizantes este m\u00eas e outras 40 milh\u00f5es de doses em abril.<\/p>\n\n\n\n<p>\u2013 Nunca nos afastamos de buscar vacinas, mas eu sempre disse uma coisa: elas t\u00eam que passar pela Anvisa (Ag\u00eancia Nacional de Vigil\u00e2ncia Sanit\u00e1ria) \u2013 comentou.<\/p>\n\n\n\n<p><strong>INAUGURA\u00c7\u00c3O<br><\/strong>O presidente participou nesta quinta-feira (4) do evento de inaugura\u00e7\u00e3o de trecho de 172 quil\u00f4metros da ferrovia Norte-Sul entre os munic\u00edpios de S\u00e3o Sim\u00e3o (GO) e Estrela D\u2019Oeste (SP). Na cerim\u00f4nia, o governo tamb\u00e9m entregou um ponto do programa Wi-fi na Pra\u00e7a, iniciativa do Minist\u00e9rio das Comunica\u00e7\u00f5es. Acompanharam a inaugura\u00e7\u00e3o os ministros Tarc\u00edsio de Freitas (Infraestrutura), F\u00e1bio Faria (Comunica\u00e7\u00f5es), Onyx Lorenzoni (Secretaria-Geral) e Augusto Heleno (Gabinete de Seguran\u00e7a Institucional).<\/p>\n\n\n\n<p>*Estad\u00e3o<\/p>\n","protected":false},"excerpt":{"rendered":"<p>O presidente da Rep\u00fablica, Jair Bolsonaro, afirmou nesta quinta-feira (4) que \u00e9 preciso \u201cenfrentar o problema de peito aberto\u201d e parar de \u201cfrescura\u201d. Bolsonaro voltou a apelar para que governadores e prefeitos n\u00e3o adotem medidas restritivas para conter a crise sanit\u00e1ria. O chefe do Executivo tamb\u00e9m disse que gostaria de ter o poder para definir [&hellip;]<\/p>\n","protected":false},"author":2,"featured_media":7734,"comment_status":"open","ping_status":"open","sticky":false,"template":"","format":"standard","meta":[],"categories":[4],"tags":[13,14],"_links":{"self":[{"href":"https:\/\/dgospel.com.br\/portal\/index.php\/wp-json\/wp\/v2\/posts\/7733"}],"collection":[{"href":"https:\/\/dgospel.com.br\/portal\/index.php\/wp-json\/wp\/v2\/posts"}],"about":[{"href":"https:\/\/dgospel.com.br\/portal\/index.php\/wp-json\/wp\/v2\/types\/post"}],"author":[{"embeddable":true,"href":"https:\/\/dgospel.com.br\/portal\/index.php\/wp-json\/wp\/v2\/users\/2"}],"replies":[{"embeddable":true,"href":"https:\/\/dgospel.com.br\/portal\/index.php\/wp-json\/wp\/v2\/comments?post=7733"}],"version-history":[{"count":1,"href":"https:\/\/dgospel.com.br\/portal\/index.php\/wp-json\/wp\/v2\/posts\/7733\/revisions"}],"predecessor-version":[{"id":7735,"href":"https:\/\/dgospel.com.br\/portal\/index.php\/wp-json\/wp\/v2\/posts\/7733\/revisions\/7735"}],"wp:featuredmedia":[{"embeddable":true,"href":"https:\/\/dgospel.com.br\/portal\/index.php\/wp-json\/wp\/v2\/media\/7734"}],"wp:attachment":[{"href":"https:\/\/dgospel.com.br\/portal\/index.php\/wp-json\/wp\/v2\/media?parent=7733"}],"wp:term":[{"taxonomy":"category","embeddable":true,"href":"https:\/\/dgospel.com.br\/portal\/index.php\/wp-json\/wp\/v2\/categories?post=7733"},{"taxonomy":"post_tag","embeddable":true,"href":"https:\/\/dgospel.com.br\/portal\/index.php\/wp-json\/wp\/v2\/tags?post=7733"}],"curies":[{"name":"wp","href":"https:\/\/api.w.org\/{rel}","templated":true}]}}