{"id":7739,"date":"2021-03-06T14:12:51","date_gmt":"2021-03-06T17:12:51","guid":{"rendered":"http:\/\/dgospel.com.br\/portal\/?p=7739"},"modified":"2021-03-06T14:12:52","modified_gmt":"2021-03-06T17:12:52","slug":"reacao-bolsonaro-criara-projeto-para-ampliar-atividade-essencial","status":"publish","type":"post","link":"https:\/\/dgospel.com.br\/portal\/index.php\/2021\/03\/06\/reacao-bolsonaro-criara-projeto-para-ampliar-atividade-essencial\/","title":{"rendered":"Rea\u00e7\u00e3o! Bolsonaro criar\u00e1 projeto para ampliar atividade essencial"},"content":{"rendered":"\n<p> Em mais uma rea\u00e7\u00e3o aos decretos de lockdown assinados por governadores, o presidente Jair Bolsonaro disse nesta sexta-feira (5) que mandou preparar um projeto de lei para enviar ao Congresso e ampliar a lista de atividades essenciais. <\/p>\n\n\n\n<p> \u2013 Essa hist\u00f3ria do \u2018ficar em casa\u2019, para quem tem dinheiro, tudo bem. O pessoal muitas vezes trabalha hoje para comer amanh\u00e3, ou comer \u00e0 noite. Eu falei ontem o que \u00e9 atividade essencial. Mandei preparar um projeto nesse sentido \u2013 disse Bolsonaro a apoiadores, ao chegar ao Pal\u00e1cio da Alvorada. As atividades essenciais n\u00e3o podem ser interrompidas nem mesmo durante o lockdown. <\/p>\n\n\n\n<p>Segundo o presidente, caber\u00e1 \u00e0 C\u00e2mara dos Deputados definir a lista de atividades essenciais.<\/p>\n\n\n\n<p>\u2013 A C\u00e2mara \u00e9 quem vai decidir. Atividade essencial \u00e9 toda aquela necess\u00e1ria para o chefe de fam\u00edlia levar o p\u00e3o para casa. Por que o cara que \u00e9 encanador, por exemplo, n\u00e3o \u00e9 essencial? Ele vai levar o que pra casa? \u2013 perguntou.<\/p>\n\n\n\n<p>No ano passado, por meio de decreto, Bolsonaro incluiu v\u00e1rias atividades no rol de servi\u00e7os essenciais \u2013 inclusive sal\u00f5es de beleza, barbearias e academias. Nesta quinta-feira (4), Bolsonaro j\u00e1 havia sinalizado essa inten\u00e7\u00e3o por meio das redes sociais e aos apoiadores que o aguardavam no Alvorada no fim do dia.<\/p>\n\n\n\n<p>\u2013 Aprenderam a defini\u00e7\u00e3o de trabalho essencial? J\u00e1 chegou aqui ou n\u00e3o? \u2013 questionou. O chefe do Executivo se referia a um post publicado por ele mais cedo, nas redes sociais, no qual dizia que \u201catividade essencial \u00e9 toda aquela necess\u00e1ria para um chefe de fam\u00edlia levar o p\u00e3o para dentro de casa\u201d.<\/p>\n\n\n\n<p>Ao falar sobre a possibilidade de que governadores comprem vacinas diretamente dos laborat\u00f3rios, sem intermedia\u00e7\u00e3o do governo federal, Bolsonaro disse n\u00e3o haver problema, desde que os pr\u00f3prios estados paguem.<\/p>\n\n\n\n<p>\u2013 Mas quem vai pagar a conta? Eu? N\u00e3o. Se quiserem comprar, podem comprar, mas a vacina vem para o Plano Nacional de Imuniza\u00e7\u00e3o. Ningu\u00e9m est\u00e1 contra governador n\u00e3o, mas estamos fazendo contato com o mundo todo \u2013 afirmou.<\/p>\n\n\n\n<p>Bolsonaro disse, ainda, que o governo n\u00e3o tem capacidade para pagar aux\u00edlio emergencial para sempre \u00e0 popula\u00e7\u00e3o.<\/p>\n\n\n\n<p>\u2013 Aux\u00edlio emergencial \u00e9 endividamento do Estado, n\u00e3o tem como. Alguns acham que pode dar a vida toda. N\u00e3o d\u00e1 \u2013 argumentou ele.<\/p>\n\n\n\n<p>Na conversa com os apoiadores, o presidente admitiu que os novos valores m\u00e9dios, em torno de R$ 250, s\u00e3o pouco, quando comparados aos pagos no ano passado, de R$ 600. \u201c\u00c9 pouco? Eu preferia ter isso a\u00ed do que n\u00e3o ter nada\u201d, disse.<\/p>\n\n\n\n<p>Em um ajuste no discurso contr\u00e1rio a vacinas, que defendeu durante todo o ano de 2020, Bolsonaro afirmou que o governo vai receber, no m\u00ednimo, 20 milh\u00f5es de doses de vacinas neste m\u00eas e mais 40 milh\u00f5es em abril.<\/p>\n\n\n\n<p>\u2013 Depois que o Congresso deu aval para comprar a Pfizer, j\u00e1 assinamos o contrato. Em agosto e setembro do ano passado, j\u00e1 assinamos o primeiro contrato para comprar vacina. Em dezembro, tivemos a medida provis\u00f3ria de R$ 20 bilh\u00f5es. O Brasil \u00e9 um dos pa\u00edses que mais vacina. Se n\u00e3o me engano, passamos das 10 milh\u00f5es de doses aplicadas, mais que todo o Estado de Israel, que s\u00e3o 9 milh\u00f5es de habitantes. Agora, est\u00e1 faltando no mundo todo \u2013 avaliou.<\/p>\n\n\n\n<p>Um dia depois de criticar o isolamento social e falar em \u201cfrescura e mimimi\u201d, Bolsonaro disse lamentar as mortes. Reafirmou, por\u00e9m, que \u00e9 preciso enfrentar o problema. Lembrou que j\u00e1 teve Covid-19 e disse estar imunizado, embora essa imunidade seja tempor\u00e1ria, como t\u00eam demonstrado estudos e evid\u00eancias de pessoas reinfectadas.<\/p>\n\n\n\n<p>\u2013 Deixa outro tomar vacina no meu lugar. L\u00e1 na frente, depois que todo mundo estiver imunizado, se eu resolver tomar \u2013 porque, no que depender de mim, \u00e9 volunt\u00e1rio, n\u00e3o pode obrigar ningu\u00e9m a tomar vacina \u2013, eu tomarei. Disponibilizaremos vacina para todo mundo no Brasil, gratuita e volunt\u00e1ria \u2013 afirmou o presidente.<\/p>\n\n\n\n<p>Enquanto Bolsonaro conversava com os apoiadores, a primeira-dama Michelle Bolsonaro chegou ao Pal\u00e1cio da Alvorada. Michelle tamb\u00e9m conversou e tirou fotos com o p\u00fablico. O casal seguiu em carros separados para a resid\u00eancia oficial.<\/p>\n\n\n\n<p>*Estad\u00e3o<\/p>\n","protected":false},"excerpt":{"rendered":"<p>Em mais uma rea\u00e7\u00e3o aos decretos de lockdown assinados por governadores, o presidente Jair Bolsonaro disse nesta sexta-feira (5) que mandou preparar um projeto de lei para enviar ao Congresso e ampliar a lista de atividades essenciais. \u2013 Essa hist\u00f3ria do \u2018ficar em casa\u2019, para quem tem dinheiro, tudo bem. O pessoal muitas vezes trabalha [&hellip;]<\/p>\n","protected":false},"author":2,"featured_media":7740,"comment_status":"open","ping_status":"open","sticky":false,"template":"","format":"standard","meta":[],"categories":[4],"tags":[13,14],"_links":{"self":[{"href":"https:\/\/dgospel.com.br\/portal\/index.php\/wp-json\/wp\/v2\/posts\/7739"}],"collection":[{"href":"https:\/\/dgospel.com.br\/portal\/index.php\/wp-json\/wp\/v2\/posts"}],"about":[{"href":"https:\/\/dgospel.com.br\/portal\/index.php\/wp-json\/wp\/v2\/types\/post"}],"author":[{"embeddable":true,"href":"https:\/\/dgospel.com.br\/portal\/index.php\/wp-json\/wp\/v2\/users\/2"}],"replies":[{"embeddable":true,"href":"https:\/\/dgospel.com.br\/portal\/index.php\/wp-json\/wp\/v2\/comments?post=7739"}],"version-history":[{"count":1,"href":"https:\/\/dgospel.com.br\/portal\/index.php\/wp-json\/wp\/v2\/posts\/7739\/revisions"}],"predecessor-version":[{"id":7741,"href":"https:\/\/dgospel.com.br\/portal\/index.php\/wp-json\/wp\/v2\/posts\/7739\/revisions\/7741"}],"wp:featuredmedia":[{"embeddable":true,"href":"https:\/\/dgospel.com.br\/portal\/index.php\/wp-json\/wp\/v2\/media\/7740"}],"wp:attachment":[{"href":"https:\/\/dgospel.com.br\/portal\/index.php\/wp-json\/wp\/v2\/media?parent=7739"}],"wp:term":[{"taxonomy":"category","embeddable":true,"href":"https:\/\/dgospel.com.br\/portal\/index.php\/wp-json\/wp\/v2\/categories?post=7739"},{"taxonomy":"post_tag","embeddable":true,"href":"https:\/\/dgospel.com.br\/portal\/index.php\/wp-json\/wp\/v2\/tags?post=7739"}],"curies":[{"name":"wp","href":"https:\/\/api.w.org\/{rel}","templated":true}]}}