{"id":774,"date":"2018-07-17T08:42:10","date_gmt":"2018-07-17T11:42:10","guid":{"rendered":"http:\/\/dgospel.com.br\/portal\/?p=774"},"modified":"2018-07-17T08:42:10","modified_gmt":"2018-07-17T11:42:10","slug":"assembleia-de-deus-em-tucurui-pa-celebra-seus-84-anos","status":"publish","type":"post","link":"https:\/\/dgospel.com.br\/portal\/index.php\/2018\/07\/17\/assembleia-de-deus-em-tucurui-pa-celebra-seus-84-anos\/","title":{"rendered":"Assembleia de Deus em Tucuru\u00ed (PA) celebra seus 84 anos"},"content":{"rendered":"<p>No \u00faltimo dia 08 de julho, a\u00a0<em>Assembleia de Deus em Tucuru\u00ed \u2013 Par\u00e1 (ADTUC)<\/em>\u00a0encerrou as festividades de celebra\u00e7\u00e3o pelo 84 anos da Igreja na cidade.<\/p>\n<p>Ap\u00f3s seis noites de cultos ao ar livre que reuniram cerca de 10 mil pessoas por dia, no domingo, foi realizado a inaugura\u00e7\u00e3o do Monumento \u00e0 B\u00edblia, que fica localizado \u00e0 entrada da cidade.<\/p>\n<p>O marco foi erguido em homenagem \u00e0 Escritura Sagrada por sua import\u00e2ncia espiritual, hist\u00f3rica, cient\u00edfica e cultural conforme a Lei Municipal 9.936\/2018 que reconheceu a B\u00edblia como patrim\u00f4nio imaterial de Tucuru\u00ed e \u00e0 Lei Municipal 9.937\/2018 que autorizou a constru\u00e7\u00e3o do monumento.<\/p>\n<p>O projeto de execu\u00e7\u00e3o foi realizado por um grupo de mun\u00edcipes evang\u00e9licos, com recursos pr\u00f3prios, sob a administra\u00e7\u00e3o da\u00a0<em>ADTUC.<\/em><\/p>\n<p>No local da inaugura\u00e7\u00e3o foram distribu\u00eddas B\u00edblias aos amigos n\u00e3o evang\u00e9licos presentes.<\/p>\n<p>O evento contou com a presen\u00e7a de v\u00e1rios pastores visitantes como o pastor Francisco Nascimento (GO) e o pastor Abimael Silva (Suriname); dos pastores locais da Igreja Presbiteriana, pastor Ruy Ara\u00fajo; da Igreja Batista, pastor Edilson de Holanda Braga; da Igreja Quadrangular, pastor Ant\u00f4nio Braga; do prefeito da cidade, Dr. Arthur Brito; e do vereador Rony Santos, autor do projeto da lei 9.936\/2018, dentre outras autoridades.<\/p>\n<p>Em seguida, foi realizada uma grande\u00a0<em>Caminhada de F\u00e9<\/em>\u00a0em dire\u00e7\u00e3o ao Templo Central da\u00a0<em>ADTUC<\/em>\u00a0que teve sua marcha orientada ao som da Banda Clarim Celeste e contou com a presen\u00e7a dos Pelot\u00f5es de Crian\u00e7as e de Senhoras, Pelot\u00e3o de Elite de Adolescentes e do Ex\u00e9rcito Mission\u00e1rio Jovem. Foram entoados louvores e realizadas ora\u00e7\u00f5es em favor da cidade durante todo o percurso.<\/p>\n<p>No Templo Central, foi realizada um manh\u00e3 de avivamento com a ministra\u00e7\u00e3o da palavra pela mission\u00e1ria Aurilene Costa (MA).<\/p>\n<p>Ao fim da programa\u00e7\u00e3o, foi servido um delicioso almo\u00e7o a todos os presentes no Grande Santu\u00e1rio da<em>\u00a0ADTUC<\/em>.<\/p>\n<p><strong>Fonte: ADTUC &#8211; Fotos: Lindacy Oliveira<\/strong><\/p>\n","protected":false},"excerpt":{"rendered":"<p>No \u00faltimo dia 08 de julho, a\u00a0Assembleia de Deus em Tucuru\u00ed \u2013 Par\u00e1 (ADTUC)\u00a0encerrou as festividades de celebra\u00e7\u00e3o pelo 84 anos da Igreja na cidade. Ap\u00f3s seis noites de cultos ao ar livre que reuniram cerca de 10 mil pessoas por dia, no domingo, foi realizado a inaugura\u00e7\u00e3o do Monumento \u00e0 B\u00edblia, que fica localizado [&hellip;]<\/p>\n","protected":false},"author":2,"featured_media":775,"comment_status":"open","ping_status":"open","sticky":false,"template":"","format":"standard","meta":[],"categories":[2,10,5],"tags":[],"_links":{"self":[{"href":"https:\/\/dgospel.com.br\/portal\/index.php\/wp-json\/wp\/v2\/posts\/774"}],"collection":[{"href":"https:\/\/dgospel.com.br\/portal\/index.php\/wp-json\/wp\/v2\/posts"}],"about":[{"href":"https:\/\/dgospel.com.br\/portal\/index.php\/wp-json\/wp\/v2\/types\/post"}],"author":[{"embeddable":true,"href":"https:\/\/dgospel.com.br\/portal\/index.php\/wp-json\/wp\/v2\/users\/2"}],"replies":[{"embeddable":true,"href":"https:\/\/dgospel.com.br\/portal\/index.php\/wp-json\/wp\/v2\/comments?post=774"}],"version-history":[{"count":1,"href":"https:\/\/dgospel.com.br\/portal\/index.php\/wp-json\/wp\/v2\/posts\/774\/revisions"}],"predecessor-version":[{"id":776,"href":"https:\/\/dgospel.com.br\/portal\/index.php\/wp-json\/wp\/v2\/posts\/774\/revisions\/776"}],"wp:featuredmedia":[{"embeddable":true,"href":"https:\/\/dgospel.com.br\/portal\/index.php\/wp-json\/wp\/v2\/media\/775"}],"wp:attachment":[{"href":"https:\/\/dgospel.com.br\/portal\/index.php\/wp-json\/wp\/v2\/media?parent=774"}],"wp:term":[{"taxonomy":"category","embeddable":true,"href":"https:\/\/dgospel.com.br\/portal\/index.php\/wp-json\/wp\/v2\/categories?post=774"},{"taxonomy":"post_tag","embeddable":true,"href":"https:\/\/dgospel.com.br\/portal\/index.php\/wp-json\/wp\/v2\/tags?post=774"}],"curies":[{"name":"wp","href":"https:\/\/api.w.org\/{rel}","templated":true}]}}