{"id":7742,"date":"2021-03-06T14:23:41","date_gmt":"2021-03-06T17:23:41","guid":{"rendered":"http:\/\/dgospel.com.br\/portal\/?p=7742"},"modified":"2021-03-06T14:23:42","modified_gmt":"2021-03-06T17:23:42","slug":"tratamento-precoce-manifesto-de-medicos-vira-projeto-de-lei","status":"publish","type":"post","link":"https:\/\/dgospel.com.br\/portal\/index.php\/2021\/03\/06\/tratamento-precoce-manifesto-de-medicos-vira-projeto-de-lei\/","title":{"rendered":"Tratamento precoce: Manifesto de m\u00e9dicos vira Projeto de Lei"},"content":{"rendered":"\n<p>Nesta quarta-feira (3), na C\u00e2mara Municipal de Santa Maria (RS), foi protocolado o Projeto de Lei (PL) n\u00ba 9196\/2021 que prop\u00f5e a disponibiliza\u00e7\u00e3o gratuita de kits de medicamentos para o tratamento precoce da Covid-19 na rede do Sistema \u00danico de Sa\u00fade (SUS) do munic\u00edpio.<\/p>\n\n\n\n<p>A base do PL tem como base um manifesto assinado por 267 m\u00e9dicos com diversos estudos demonstrando a efic\u00e1cia de medicamentos como hidroxicloroquina, ivermectina, bromexina, azitromicina, nitazoxanida, zinco, vitamina D e anticoagulantes quando usados de forma correta.<\/p>\n\n\n\n<p>O vereador Tubias Callil \u00e9 autor do PL. Ele publicou um v\u00eddeo em seu Facebook e explicando o projeto.<\/p>\n\n\n\n<p>\u2013 O projeto prev\u00ea que o paciente dever\u00e1 ter acompanhamento m\u00e9dico, receita m\u00e9dica, utilizar o protocolo regulamentado pelo minist\u00e9rio da sa\u00fade e dever\u00e1 ter um m\u00e9dico respons\u00e1vel pelo tratamento do paciente que tamb\u00e9m dever\u00e1 aplicar o termo de ci\u00eancia e consentimento, caso prescreva o uso da hidroxicloroquina \u2013 disse.<\/p>\n\n\n\n<p>Entre os m\u00e9dicos que assinaram o manifesto est\u00e3o diretores de hospitais, infectologistas, pneumologistas, alergistas e profissionais de outras especialidades. Segundo o documento, a diminui\u00e7\u00e3o da carga sobre o sistemas de sa\u00fade de cidades e estados que adotaram as medidas para interven\u00e7\u00e3o precoce na Covid-19 serviu para validar o efeito do tratamento.<\/p>\n\n\n\n<p>O manifesto defende a autonomia do m\u00e9dico em prescrever o tratamento precoce.<\/p>\n\n\n\n<p>\u2013 Considerando que o princ\u00edpio que deve obrigatoriamente nortear o tratamento do paciente portador da covid-19 deve se basear na autonomia do m\u00e9dico e na valoriza\u00e7\u00e3o da rela\u00e7\u00e3o m\u00e9dico-paciente, sendo esta a mais pr\u00f3xima poss\u00edvel, com o objetivo de oferecer ao doente o melhor tratamento m\u00e9dico dispon\u00edvel no momento \u2013 diz o parecer.<\/p>\n\n\n\n<p>Tamb\u00e9m \u00e9 evocado o artigo 32 da se\u00e7\u00e3o C da Declara\u00e7\u00e3o de Helsinque para respaldar o livre exerc\u00edcio da medicina.<\/p>\n\n\n\n<p>\u2013 Quando m\u00e9todos profil\u00e1ticos, terap\u00eauticos comprovados n\u00e3o existirem ou forem ineficazes, o m\u00e9dico, com o consentimento informado ao paciente, deve ser livre para utilizar medidas profil\u00e1ticas, diagn\u00f3sticas e terap\u00eauticas n\u00e3o comprovadas ou inovadoras, se no seu julgamento, esta ofere\u00e7a esperan\u00e7a de salvar vida, restabelecimento da sa\u00fade e al\u00edvio do sofrimento. Quando poss\u00edvel, estas medidas devem ser objeto de pesquisa, desenhada para avaliar sua seguran\u00e7a ou efic\u00e1cia. Em todos os casos, as novas informa\u00e7\u00f5es devem ser registradas e, quando apropriado, public\u00e1-las. As outras diretrizes dessa declara\u00e7\u00e3o devem ser observadas \u2013 diz o texto.<\/p>\n","protected":false},"excerpt":{"rendered":"<p>Nesta quarta-feira (3), na C\u00e2mara Municipal de Santa Maria (RS), foi protocolado o Projeto de Lei (PL) n\u00ba 9196\/2021 que prop\u00f5e a disponibiliza\u00e7\u00e3o gratuita de kits de medicamentos para o tratamento precoce da Covid-19 na rede do Sistema \u00danico de Sa\u00fade (SUS) do munic\u00edpio. A base do PL tem como base um manifesto assinado por [&hellip;]<\/p>\n","protected":false},"author":2,"featured_media":7743,"comment_status":"open","ping_status":"open","sticky":false,"template":"","format":"standard","meta":[],"categories":[4],"tags":[13],"_links":{"self":[{"href":"https:\/\/dgospel.com.br\/portal\/index.php\/wp-json\/wp\/v2\/posts\/7742"}],"collection":[{"href":"https:\/\/dgospel.com.br\/portal\/index.php\/wp-json\/wp\/v2\/posts"}],"about":[{"href":"https:\/\/dgospel.com.br\/portal\/index.php\/wp-json\/wp\/v2\/types\/post"}],"author":[{"embeddable":true,"href":"https:\/\/dgospel.com.br\/portal\/index.php\/wp-json\/wp\/v2\/users\/2"}],"replies":[{"embeddable":true,"href":"https:\/\/dgospel.com.br\/portal\/index.php\/wp-json\/wp\/v2\/comments?post=7742"}],"version-history":[{"count":1,"href":"https:\/\/dgospel.com.br\/portal\/index.php\/wp-json\/wp\/v2\/posts\/7742\/revisions"}],"predecessor-version":[{"id":7744,"href":"https:\/\/dgospel.com.br\/portal\/index.php\/wp-json\/wp\/v2\/posts\/7742\/revisions\/7744"}],"wp:featuredmedia":[{"embeddable":true,"href":"https:\/\/dgospel.com.br\/portal\/index.php\/wp-json\/wp\/v2\/media\/7743"}],"wp:attachment":[{"href":"https:\/\/dgospel.com.br\/portal\/index.php\/wp-json\/wp\/v2\/media?parent=7742"}],"wp:term":[{"taxonomy":"category","embeddable":true,"href":"https:\/\/dgospel.com.br\/portal\/index.php\/wp-json\/wp\/v2\/categories?post=7742"},{"taxonomy":"post_tag","embeddable":true,"href":"https:\/\/dgospel.com.br\/portal\/index.php\/wp-json\/wp\/v2\/tags?post=7742"}],"curies":[{"name":"wp","href":"https:\/\/api.w.org\/{rel}","templated":true}]}}