{"id":7752,"date":"2021-03-08T18:02:28","date_gmt":"2021-03-08T21:02:28","guid":{"rendered":"http:\/\/dgospel.com.br\/portal\/?p=7752"},"modified":"2021-03-08T18:02:29","modified_gmt":"2021-03-08T21:02:29","slug":"fachin-anula-condenacoes-de-lula-e-petista-fica-elegivel","status":"publish","type":"post","link":"https:\/\/dgospel.com.br\/portal\/index.php\/2021\/03\/08\/fachin-anula-condenacoes-de-lula-e-petista-fica-elegivel\/","title":{"rendered":"Fachin anula condena\u00e7\u00f5es de Lula e petista fica eleg\u00edvel"},"content":{"rendered":"\n<p>O ministro do Supremo Tribunal Federal Edson Fachin decidiu, nesta segunda-feira (8), anular todas as condena\u00e7\u00f5es do ex-presidente Luiz In\u00e1cio Lula da Silva no \u00e2mbito da Lava Jato.<\/p>\n\n\n\n<p>Com esta decis\u00e3o, o petista se livra de quatro processos e retoma seus direitos pol\u00edticos, incluindo a possibilidade de candidatar-se novamente.<\/p>\n\n\n\n<p>\n\nApesar disso, as a\u00e7\u00f5es judiciais n\u00e3o foram extintas, e Fachin determinou que elas sejam reiniciadas na Justi\u00e7a Federal de Bras\u00edlia.\n\n<\/p>\n","protected":false},"excerpt":{"rendered":"<p>O ministro do Supremo Tribunal Federal Edson Fachin decidiu, nesta segunda-feira (8), anular todas as condena\u00e7\u00f5es do ex-presidente Luiz In\u00e1cio Lula da Silva no \u00e2mbito da Lava Jato. Com esta decis\u00e3o, o petista se livra de quatro processos e retoma seus direitos pol\u00edticos, incluindo a possibilidade de candidatar-se novamente. Apesar disso, as a\u00e7\u00f5es judiciais n\u00e3o [&hellip;]<\/p>\n","protected":false},"author":2,"featured_media":7753,"comment_status":"open","ping_status":"open","sticky":false,"template":"","format":"standard","meta":[],"categories":[4],"tags":[14],"_links":{"self":[{"href":"https:\/\/dgospel.com.br\/portal\/index.php\/wp-json\/wp\/v2\/posts\/7752"}],"collection":[{"href":"https:\/\/dgospel.com.br\/portal\/index.php\/wp-json\/wp\/v2\/posts"}],"about":[{"href":"https:\/\/dgospel.com.br\/portal\/index.php\/wp-json\/wp\/v2\/types\/post"}],"author":[{"embeddable":true,"href":"https:\/\/dgospel.com.br\/portal\/index.php\/wp-json\/wp\/v2\/users\/2"}],"replies":[{"embeddable":true,"href":"https:\/\/dgospel.com.br\/portal\/index.php\/wp-json\/wp\/v2\/comments?post=7752"}],"version-history":[{"count":1,"href":"https:\/\/dgospel.com.br\/portal\/index.php\/wp-json\/wp\/v2\/posts\/7752\/revisions"}],"predecessor-version":[{"id":7754,"href":"https:\/\/dgospel.com.br\/portal\/index.php\/wp-json\/wp\/v2\/posts\/7752\/revisions\/7754"}],"wp:featuredmedia":[{"embeddable":true,"href":"https:\/\/dgospel.com.br\/portal\/index.php\/wp-json\/wp\/v2\/media\/7753"}],"wp:attachment":[{"href":"https:\/\/dgospel.com.br\/portal\/index.php\/wp-json\/wp\/v2\/media?parent=7752"}],"wp:term":[{"taxonomy":"category","embeddable":true,"href":"https:\/\/dgospel.com.br\/portal\/index.php\/wp-json\/wp\/v2\/categories?post=7752"},{"taxonomy":"post_tag","embeddable":true,"href":"https:\/\/dgospel.com.br\/portal\/index.php\/wp-json\/wp\/v2\/tags?post=7752"}],"curies":[{"name":"wp","href":"https:\/\/api.w.org\/{rel}","templated":true}]}}