{"id":7755,"date":"2021-03-08T18:06:27","date_gmt":"2021-03-08T21:06:27","guid":{"rendered":"http:\/\/dgospel.com.br\/portal\/?p=7755"},"modified":"2021-03-08T18:06:29","modified_gmt":"2021-03-08T21:06:29","slug":"aras-recorrera-de-decisao-que-anulou-condenacoes-de-lula","status":"publish","type":"post","link":"https:\/\/dgospel.com.br\/portal\/index.php\/2021\/03\/08\/aras-recorrera-de-decisao-que-anulou-condenacoes-de-lula\/","title":{"rendered":"Aras recorrer\u00e1 de decis\u00e3o que anulou condena\u00e7\u00f5es de Lula"},"content":{"rendered":"\n<p> Ainda nesta segunda-feira (8), o procurador-geral da Rep\u00fablica,\u00a0<a rel=\"noreferrer noopener\" href=\"https:\/\/pleno.news\/tag\/augusto-aras\" target=\"_blank\">Augusto Aras<\/a>, vai entrar com uma a\u00e7\u00e3o no\u00a0<a rel=\"noreferrer noopener\" href=\"https:\/\/pleno.news\/tag\/stf\" target=\"_blank\">STF<\/a>\u00a0(Supremo Tribunal Federal) a fim de reverter a decis\u00e3o do ministro\u00a0<a rel=\"noreferrer noopener\" href=\"https:\/\/pleno.news\/tag\/fachin\" target=\"_blank\">Edson Fachin<\/a>\u00a0de anular as condena\u00e7\u00f5es do ex-presidente\u00a0<a rel=\"noreferrer noopener\" href=\"https:\/\/pleno.news\/tag\/lula\" target=\"_blank\">Lula<\/a>\u00a0(PT). O chefe da PGR j\u00e1 determinou \u00e0 sua equipe que elabore um recurso contra a determina\u00e7\u00e3o. <\/p>\n\n\n\n<p> Diante da resposta de Aras, o caso dever\u00e1 ser levado ao plen\u00e1rio da Suprema Corte, onde ser\u00e1 discutida por todos os 11 ministros. <\/p>\n\n\n\n<p>Contudo, a decis\u00e3o de Fachin possui validade imediata, e por isso, o ex-presidente j\u00e1 est\u00e1 na posse novamente de seus direitos pol\u00edticos. Assim, Lula j\u00e1 segue eleg\u00edvel e livre para concorrer \u00e0 presid\u00eancia em 2022, e s\u00f3 ser\u00e1 impedido caso o STF decida pelo contr\u00e1rio ap\u00f3s o pedido de Aras.<\/p>\n\n\n\n<p>Na decis\u00e3o da tarde desta segunda, o ministro Edson Fachin justificou seu veredito dizendo compreender que n\u00e3o cabia a 13\u00aa Vara Federal da Subse\u00e7\u00e3o Judici\u00e1ria de Curitiba processar e julgar os processos contra o ex-presidente petista.<\/p>\n","protected":false},"excerpt":{"rendered":"<p>Ainda nesta segunda-feira (8), o procurador-geral da Rep\u00fablica,\u00a0Augusto Aras, vai entrar com uma a\u00e7\u00e3o no\u00a0STF\u00a0(Supremo Tribunal Federal) a fim de reverter a decis\u00e3o do ministro\u00a0Edson Fachin\u00a0de anular as condena\u00e7\u00f5es do ex-presidente\u00a0Lula\u00a0(PT). O chefe da PGR j\u00e1 determinou \u00e0 sua equipe que elabore um recurso contra a determina\u00e7\u00e3o. Diante da resposta de Aras, o caso dever\u00e1 [&hellip;]<\/p>\n","protected":false},"author":2,"featured_media":7756,"comment_status":"open","ping_status":"open","sticky":false,"template":"","format":"standard","meta":[],"categories":[4],"tags":[13,14],"_links":{"self":[{"href":"https:\/\/dgospel.com.br\/portal\/index.php\/wp-json\/wp\/v2\/posts\/7755"}],"collection":[{"href":"https:\/\/dgospel.com.br\/portal\/index.php\/wp-json\/wp\/v2\/posts"}],"about":[{"href":"https:\/\/dgospel.com.br\/portal\/index.php\/wp-json\/wp\/v2\/types\/post"}],"author":[{"embeddable":true,"href":"https:\/\/dgospel.com.br\/portal\/index.php\/wp-json\/wp\/v2\/users\/2"}],"replies":[{"embeddable":true,"href":"https:\/\/dgospel.com.br\/portal\/index.php\/wp-json\/wp\/v2\/comments?post=7755"}],"version-history":[{"count":1,"href":"https:\/\/dgospel.com.br\/portal\/index.php\/wp-json\/wp\/v2\/posts\/7755\/revisions"}],"predecessor-version":[{"id":7757,"href":"https:\/\/dgospel.com.br\/portal\/index.php\/wp-json\/wp\/v2\/posts\/7755\/revisions\/7757"}],"wp:featuredmedia":[{"embeddable":true,"href":"https:\/\/dgospel.com.br\/portal\/index.php\/wp-json\/wp\/v2\/media\/7756"}],"wp:attachment":[{"href":"https:\/\/dgospel.com.br\/portal\/index.php\/wp-json\/wp\/v2\/media?parent=7755"}],"wp:term":[{"taxonomy":"category","embeddable":true,"href":"https:\/\/dgospel.com.br\/portal\/index.php\/wp-json\/wp\/v2\/categories?post=7755"},{"taxonomy":"post_tag","embeddable":true,"href":"https:\/\/dgospel.com.br\/portal\/index.php\/wp-json\/wp\/v2\/tags?post=7755"}],"curies":[{"name":"wp","href":"https:\/\/api.w.org\/{rel}","templated":true}]}}