{"id":7758,"date":"2021-03-08T18:13:00","date_gmt":"2021-03-08T21:13:00","guid":{"rendered":"http:\/\/dgospel.com.br\/portal\/?p=7758"},"modified":"2021-03-08T18:13:02","modified_gmt":"2021-03-08T21:13:02","slug":"lira-decisao-de-fachin-foi-para-absolver-lula-ou-moro","status":"publish","type":"post","link":"https:\/\/dgospel.com.br\/portal\/index.php\/2021\/03\/08\/lira-decisao-de-fachin-foi-para-absolver-lula-ou-moro\/","title":{"rendered":"Lira: \u2018Decis\u00e3o de Fachin foi para absolver Lula ou Moro?\u2019"},"content":{"rendered":"\n<p> Nesta segunda-feira (8), o presidente da C\u00e2mara dos Deputados, Arthur Lira (PP-AL), comentou a decis\u00e3o do ministro Edson Fachin, do Supremo Tribunal Federal (STF), de anular as condena\u00e7\u00f5es do ex-presidente Luiz In\u00e1cio Lula da Silva na Lava Jato. Em sua conta do Twitter, ele questionou se a medida teve por objetivo \u201cabsolver Lula ou Moro\u201d. <\/p>\n\n\n\n<p> A decis\u00e3o de Fachin anulou as condena\u00e7\u00f5es de Lula por considerar que a Justi\u00e7a Federal do Paran\u00e1 n\u00e3o seria a respons\u00e1vel por julgar os processos contra o petista. As a\u00e7\u00f5es agora ser\u00e3o analisadas pela Justi\u00e7a do Distrito Federal. <\/p>\n\n\n\n<p>Ao comentar a medida, Lira disse que pode at\u00e9 merecer ser absolvido, mas o ex-ministro da Justi\u00e7a, Sergio Moro, n\u00e3o mereceria.<\/p>\n\n\n\n<p>\u2013 Minha maior d\u00favida \u00e9 se a decis\u00e3o monocr\u00e1tica foi para absolver Lula ou Moro. Lula pode at\u00e9 merecer. Moro, jamais \u2013 escreveu.<\/p>\n\n\n\n<figure class=\"wp-block-image\"><img src=\"https:\/\/static.cdn.pleno.news\/2021\/03\/Lira.png\" alt=\"\" class=\"wp-image-670655\"\/><\/figure>\n","protected":false},"excerpt":{"rendered":"<p>Nesta segunda-feira (8), o presidente da C\u00e2mara dos Deputados, Arthur Lira (PP-AL), comentou a decis\u00e3o do ministro Edson Fachin, do Supremo Tribunal Federal (STF), de anular as condena\u00e7\u00f5es do ex-presidente Luiz In\u00e1cio Lula da Silva na Lava Jato. Em sua conta do Twitter, ele questionou se a medida teve por objetivo \u201cabsolver Lula ou Moro\u201d. [&hellip;]<\/p>\n","protected":false},"author":2,"featured_media":7759,"comment_status":"open","ping_status":"open","sticky":false,"template":"","format":"standard","meta":[],"categories":[4],"tags":[13,14],"_links":{"self":[{"href":"https:\/\/dgospel.com.br\/portal\/index.php\/wp-json\/wp\/v2\/posts\/7758"}],"collection":[{"href":"https:\/\/dgospel.com.br\/portal\/index.php\/wp-json\/wp\/v2\/posts"}],"about":[{"href":"https:\/\/dgospel.com.br\/portal\/index.php\/wp-json\/wp\/v2\/types\/post"}],"author":[{"embeddable":true,"href":"https:\/\/dgospel.com.br\/portal\/index.php\/wp-json\/wp\/v2\/users\/2"}],"replies":[{"embeddable":true,"href":"https:\/\/dgospel.com.br\/portal\/index.php\/wp-json\/wp\/v2\/comments?post=7758"}],"version-history":[{"count":1,"href":"https:\/\/dgospel.com.br\/portal\/index.php\/wp-json\/wp\/v2\/posts\/7758\/revisions"}],"predecessor-version":[{"id":7760,"href":"https:\/\/dgospel.com.br\/portal\/index.php\/wp-json\/wp\/v2\/posts\/7758\/revisions\/7760"}],"wp:featuredmedia":[{"embeddable":true,"href":"https:\/\/dgospel.com.br\/portal\/index.php\/wp-json\/wp\/v2\/media\/7759"}],"wp:attachment":[{"href":"https:\/\/dgospel.com.br\/portal\/index.php\/wp-json\/wp\/v2\/media?parent=7758"}],"wp:term":[{"taxonomy":"category","embeddable":true,"href":"https:\/\/dgospel.com.br\/portal\/index.php\/wp-json\/wp\/v2\/categories?post=7758"},{"taxonomy":"post_tag","embeddable":true,"href":"https:\/\/dgospel.com.br\/portal\/index.php\/wp-json\/wp\/v2\/tags?post=7758"}],"curies":[{"name":"wp","href":"https:\/\/api.w.org\/{rel}","templated":true}]}}