{"id":7761,"date":"2021-03-08T18:17:33","date_gmt":"2021-03-08T21:17:33","guid":{"rendered":"http:\/\/dgospel.com.br\/portal\/?p=7761"},"modified":"2021-03-08T18:17:34","modified_gmt":"2021-03-08T21:17:34","slug":"wanderlei-barbosa-e-secretarios-discutem-viabilidade-do-projeto-tocantins-sustentavel-em-relacao-ao-plano-joe-biden","status":"publish","type":"post","link":"https:\/\/dgospel.com.br\/portal\/index.php\/2021\/03\/08\/wanderlei-barbosa-e-secretarios-discutem-viabilidade-do-projeto-tocantins-sustentavel-em-relacao-ao-plano-joe-biden\/","title":{"rendered":"Wanderlei Barbosa e secret\u00e1rios discutem viabilidade do Projeto Tocantins Sustent\u00e1vel em rela\u00e7\u00e3o ao Plano Joe Biden"},"content":{"rendered":"\n<p>O vice-governador do Tocantins, Wanderlei Barbosa, se reuniu na manh\u00e3 desta segunda-feira, 8, com secret\u00e1rios de v\u00e1rias pastas para discutir a elabora\u00e7\u00e3o de projetos voltados \u00e0 preserva\u00e7\u00e3o do meio ambiente no Estado. A discuss\u00e3o ocorreu ap\u00f3s reuni\u00e3o com o embaixador dos Estados Unidos, Todd Chapman, durante a Assembleia Geral dos Governadores da Amaz\u00f4nia Legal (on-line) ocorrida na \u00faltima sexta-feira, 5, na qual o embaixador manifestou o interesse do presidente americano, Joe Biden, de investir US $ 20 bilh\u00f5es na Amaz\u00f4nia.&nbsp;&nbsp;<\/p>\n\n\n\n<p>Estiveram presentes na reuni\u00e3o o secret\u00e1rio de Estado do Planejamento e Or\u00e7amento (Seplan), Sergislei de Moura; a secret\u00e1ria de Estado do Meio Ambiente e Recursos H\u00eddricos (Semarh), Miyuki Hyashida; o secret\u00e1rio de Estado da Agricultura, Pecu\u00e1ria e Aquicultura (Seagro), Jaime Caf\u00e9; e o vice-presidente do Instituto Natureza do Tocantins (Naturatins), Rafael Roques Felipe.<\/p>\n\n\n\n<p>O vice-governador abriu a reuni\u00e3o parabenizando a secret\u00e1ria Miyuki pelo envolvimento no tema, mas refor\u00e7ou uma preocupa\u00e7\u00e3o do Governo, que \u00e9 o andamento das a\u00e7\u00f5es no combate \u00e0s queimadas. &#8220;Temos que dar andamento ao projeto que visa captar os recursos oferecidos pelos EUA, mas n\u00e3o podemos atrasar a nossa agenda de combate \u00e0s queimadas. Temos que iniciar no m\u00e1ximo em abril\u201d, pontuou Wanderlei Barbosa.<\/p>\n\n\n\n<p>De acordo com a secret\u00e1ria Miyuki, essa demanda j\u00e1 est\u00e1 em andamento por meio de um plano para a contrata\u00e7\u00e3o de cerca de 80 brigadistas para o refor\u00e7o nas a\u00e7\u00f5es de combate \u00e0s queimadas.<\/p>\n\n\n\n<p><strong>Projeto Tocantins Competitivo e Sustent\u00e1vel<\/strong><\/p>\n\n\n\n<p>Quanto \u00e0 capta\u00e7\u00e3o de recursos do Plano Joe Biden, a secret\u00e1ria de Estado do Meio Ambiente, Miyuki Hyashida, refor\u00e7ou que a pasta j\u00e1 tem em andamento o&nbsp;<em>Projeto Tocantins Competitivo e Sustent\u00e1vel<\/em>, que consiste em um plano de a\u00e7\u00f5es a serem executadas no Estado pelos pr\u00f3ximos 20 anos. O Plano foi originalmente apresentado pelo Estado na Confer\u00eancia das Na\u00e7\u00f5es Unidas sobre as Mudan\u00e7as Clim\u00e1ticas (COP 25), realizada em 2019 em Madrid. &nbsp;<\/p>\n\n\n\n<p>A diretora de Instrumentos e Gest\u00e3o Ambiental da Semarh, Marli Santos, apresentou as medidas que j\u00e1 est\u00e3o sendo discutidas e explicou que o&nbsp;<em>Projeto Tocantins Competitivo e Sustent\u00e1vel<\/em>&nbsp;\u00e9 direcionado por cinco diretrizes: Desenvolvimento Sustent\u00e1vel, Engajamento dos Setores, Respeito \u00e0 Diversidade e voca\u00e7\u00e3o natural; Governan\u00e7a, monitoramento e transpar\u00eancia; e por fim, Investimentos.<\/p>\n\n\n\n<p>Marli Santos informou ainda que o Projeto j\u00e1 est\u00e1 na fase da pactua\u00e7\u00e3o de parcerias, e mant\u00e9m um valor de US $ 38 milh\u00f5es em ordens de pagamento com a&nbsp;iniciativa privada para o combate ao desmatamento. \u201cO que n\u00f3s precisamos, agora, com urg\u00eancia \u00e9 montar os grupos de trabalho e desenhar o projeto em detalhes para que tenhamos for\u00e7a competitiva para captar esse recurso do Plano Joe Biden\u201d, afirmou.<\/p>\n\n\n\n<p>O secret\u00e1rio de Estado do Planejamento e Or\u00e7amento, Sergilei de Moura, se colocou \u00e0 disposi\u00e7\u00e3o da Semarh para colaborar quanto \u00e0 capta\u00e7\u00e3o de recursos de maneira a tornar o processo menos burocr\u00e1tico. &#8220;Precisamos deixar claro como ser\u00e1 a capta\u00e7\u00e3o desses recursos para que n\u00e3o haja amarras, e que n\u00f3s possamos desburocratizar esses processos para que o recurso venha diretamente para o Governo do Tocantins sem ficar preso em outras inst\u00e2ncias&#8221;, destacou. &nbsp;<\/p>\n\n\n\n<p>J\u00e1 o secret\u00e1rio de Estado da Agricultura, Pecu\u00e1ria e Aquicultura, Jaime Caf\u00e9, sugeriu que a pesquisa e a tecnologia sejam partes importantes na hora da aloca\u00e7\u00e3o dos recursos. \u201cO Tocantins tem muito Cerrado e boa parte ainda \u00e9 cascalho, mesmo assim n\u00f3s podemos produzir muito mas isso s\u00f3 \u00e9 poss\u00edvel por meio de pesquisa e tecnologia, tanto em maquin\u00e1rio quanto gen\u00e9tico\u201d.<\/p>\n\n\n\n<p>O vice-presidente do Naturatins, Rafael Roques Felipe, tamb\u00e9m participou do encontro e avaliou como positivo. &#8220;A reuni\u00e3o foi muito produtiva e n\u00f3s nos colocamos \u00e0 disposi\u00e7\u00e3o para ajudar nesse projeto que vai ao encontro do servi\u00e7o que j\u00e1 vem sendo prestado pelo Naturatins, que \u00e9 alinhando produ\u00e7\u00e3o e desenvolvimento sustent\u00e1vel. A Secretaria de Estado do Meio Ambiente, conseguindo esses recursos, com certeza, n\u00f3s conseguiremos fazer bom aproveitamento dele no que diz respeito \u00e0 implanta\u00e7\u00e3o das pol\u00edticas ambientais do Estado\u201d, afirmou.<\/p>\n\n\n\n<p><strong>Mais Fiscaliza\u00e7\u00e3o<\/strong><\/p>\n\n\n\n<p>O vice-governador cobrou tamb\u00e9m um maior empenho das pastas no que diz respeito \u00e0 fiscaliza\u00e7\u00e3o das a\u00e7\u00f5es realizadas. \u201cN\u00f3s temos que dar aten\u00e7\u00e3o a uma s\u00e9rie de fatores. Por exemplo, se n\u00f3s temos o trabalho de recupera\u00e7\u00e3o de nascentes, \u00e9 preciso ter fiscaliza\u00e7\u00e3o para saber se realmente o trabalho est\u00e1 sendo feito, se o recurso est\u00e1 sendo bem aplicado, porque \u00e9 uma garantia de que n\u00f3s estamos fazendo a nossa parte, essa \u00e9 uma preocupa\u00e7\u00e3o inclusive do governador Mauro Carlesse&#8221;, pontuou.<\/p>\n\n\n\n<p>Ao final da reuni\u00e3o, o vice-governador deu aval para que a Semarh apresente o&nbsp;<em>Projeto Tocantins Competitivo e Sustent\u00e1vel<\/em>&nbsp;\u00e0 embaixada americana.<\/p>\n","protected":false},"excerpt":{"rendered":"<p>O vice-governador do Tocantins, Wanderlei Barbosa, se reuniu na manh\u00e3 desta segunda-feira, 8, com secret\u00e1rios de v\u00e1rias pastas para discutir a elabora\u00e7\u00e3o de projetos voltados \u00e0 preserva\u00e7\u00e3o do meio ambiente no Estado. A discuss\u00e3o ocorreu ap\u00f3s reuni\u00e3o com o embaixador dos Estados Unidos, Todd Chapman, durante a Assembleia Geral dos Governadores da Amaz\u00f4nia Legal (on-line) [&hellip;]<\/p>\n","protected":false},"author":2,"featured_media":7762,"comment_status":"open","ping_status":"open","sticky":false,"template":"","format":"standard","meta":[],"categories":[3],"tags":[13],"_links":{"self":[{"href":"https:\/\/dgospel.com.br\/portal\/index.php\/wp-json\/wp\/v2\/posts\/7761"}],"collection":[{"href":"https:\/\/dgospel.com.br\/portal\/index.php\/wp-json\/wp\/v2\/posts"}],"about":[{"href":"https:\/\/dgospel.com.br\/portal\/index.php\/wp-json\/wp\/v2\/types\/post"}],"author":[{"embeddable":true,"href":"https:\/\/dgospel.com.br\/portal\/index.php\/wp-json\/wp\/v2\/users\/2"}],"replies":[{"embeddable":true,"href":"https:\/\/dgospel.com.br\/portal\/index.php\/wp-json\/wp\/v2\/comments?post=7761"}],"version-history":[{"count":1,"href":"https:\/\/dgospel.com.br\/portal\/index.php\/wp-json\/wp\/v2\/posts\/7761\/revisions"}],"predecessor-version":[{"id":7763,"href":"https:\/\/dgospel.com.br\/portal\/index.php\/wp-json\/wp\/v2\/posts\/7761\/revisions\/7763"}],"wp:featuredmedia":[{"embeddable":true,"href":"https:\/\/dgospel.com.br\/portal\/index.php\/wp-json\/wp\/v2\/media\/7762"}],"wp:attachment":[{"href":"https:\/\/dgospel.com.br\/portal\/index.php\/wp-json\/wp\/v2\/media?parent=7761"}],"wp:term":[{"taxonomy":"category","embeddable":true,"href":"https:\/\/dgospel.com.br\/portal\/index.php\/wp-json\/wp\/v2\/categories?post=7761"},{"taxonomy":"post_tag","embeddable":true,"href":"https:\/\/dgospel.com.br\/portal\/index.php\/wp-json\/wp\/v2\/tags?post=7761"}],"curies":[{"name":"wp","href":"https:\/\/api.w.org\/{rel}","templated":true}]}}