{"id":7767,"date":"2021-03-08T18:24:57","date_gmt":"2021-03-08T21:24:57","guid":{"rendered":"http:\/\/dgospel.com.br\/portal\/?p=7767"},"modified":"2021-03-08T18:24:59","modified_gmt":"2021-03-08T21:24:59","slug":"senado-vai-ouvir-governadores-e-ministros-sobre-combate-a-pandemia","status":"publish","type":"post","link":"https:\/\/dgospel.com.br\/portal\/index.php\/2021\/03\/08\/senado-vai-ouvir-governadores-e-ministros-sobre-combate-a-pandemia\/","title":{"rendered":"Senado vai ouvir governadores e ministros sobre combate \u00e0 pandemia"},"content":{"rendered":"\n<p>A&nbsp;<strong>Comiss\u00e3o Tempor\u00e1ria do Senado<\/strong>&nbsp;da covid-19 aprovou nesta segunda-feira (8) o plano de trabalho que pretende seguir. Presidida pelo senador Conf\u00facio Moura (MDB-RO), al\u00e9m de acompanhar a destina\u00e7\u00e3o e aplica\u00e7\u00e3o dos recursos p\u00fablicos no combate \u00e0 pandemia, a comiss\u00e3o, segundo o relator, senador Wellington Fagundes (PL-MT), vai acompanhar todo o processo de vacina\u00e7\u00e3o no Brasil, desde a autoriza\u00e7\u00e3o de uso das vacinas, passando pela negocia\u00e7\u00e3o e aquisi\u00e7\u00e3o dos imunobiol\u00f3gicos, e culminando com a distribui\u00e7\u00e3o e controle da aplica\u00e7\u00e3o das doses preconizadas, a fim de promover a imuniza\u00e7\u00e3o de toda a popula\u00e7\u00e3o brasileira no menor per\u00edodo poss\u00edvel. Vai ouvir governadores e ministros sobre a situa\u00e7\u00e3o.<\/p>\n\n\n\n<p>\u201cA comiss\u00e3o analisar\u00e1 as experi\u00eancias de estados e munic\u00edpios que v\u00eam acertando na condu\u00e7\u00e3o da pandemia, com diminui\u00e7\u00e3o dos n\u00edveis de infec\u00e7\u00e3o e de mortes, para avaliar que a\u00e7\u00f5es foram mais eficientes e por que em outras unidades da Federa\u00e7\u00e3o tiveram resultados piores. Ademais, a comiss\u00e3o acompanhar\u00e1 o planejamento realizado em todos os n\u00edveis federativos. Nesse sentido, \u00e9 importante a participa\u00e7\u00e3o da Confedera\u00e7\u00e3o Nacional dos Munic\u00edpios no debate\u201d, destacou Fagundes.<\/p>\n\n\n\n<h2>Tr\u00eas n\u00edveis federativos nas reuni\u00f5es com Senado<\/h2>\n\n\n\n<p>Com o aux\u00edlio de t\u00e9cnicos do&nbsp;<a href=\"https:\/\/portal.tcu.gov.br\/inicio\/\" target=\"_blank\" rel=\"noreferrer noopener\">Tribunal de Contas da Uni\u00e3o (TCU)<\/a>&nbsp;e de outros \u00f3rg\u00e3os, para esclarecimento de seus membros, o relator disse que para conhecer com detalhes a realidade da pandemia, a comiss\u00e3o do Senado pretende ouvir os gestores dos tr\u00eas n\u00edveis federativos e, para isso, convidar\u00e1 os governadores dos estados, com prioridade para aqueles que t\u00eam enfrentado maiores dificuldades no combate \u00e0 doen\u00e7a, al\u00e9m de gestores do Minist\u00e9rio da Sa\u00fade, os secret\u00e1rios estaduais de sa\u00fade, representados pelo Conselho Nacional de Secret\u00e1rios Estaduais de Sa\u00fade (Conass), e os secret\u00e1rios municipais de sa\u00fade, representados nacionalmente pelo Conselho Nacional das Secretarias Municipais de Sa\u00fade (Conasems), al\u00e9m de outras autoridades e especialistas na \u00e1rea.<\/p>\n\n\n\n<p>\u201cAs reuni\u00f5es da comiss\u00e3o ser\u00e3o realizadas de forma virtual, nas segundas e quintas-feiras, em que ser\u00e3o ouvidas as autoridades e especialistas convidados. As reuni\u00f5es com o Ministro da Sa\u00fade, para acompanhamento de suas atividades e presta\u00e7\u00e3o de contas, ser\u00e3o regulares, no m\u00ednimo uma vez por m\u00eas e em outras ocasi\u00f5es, se for necess\u00e1rio\u201d, acrescentou Wellington Fagundes.<\/p>\n\n\n\n<p>Como o acompanhamento dos gastos p\u00fablicos relacionados \u00e0 pandemia tamb\u00e9m faz parte do escopo do trabalho da Comiss\u00e3o do Senado, os senadores tamb\u00e9m querem que o ministro da Economia, Paulo Guedes, preste esclarecimentos, pelo menos uma vez por m\u00eas ao colegiado.<\/p>\n\n\n\n<p>Na segunda reuni\u00e3o da comiss\u00e3o, no dia 15 de mar\u00e7o, os governadores de estado ser\u00e3o os primeiros a serem ouvidos. Al\u00e9m de representantes de F\u00f3rum de Governadores, tamb\u00e9m ser\u00e3o convidados os chefes do Executivo de unidades da federa\u00e7\u00e3o que t\u00eam a produ\u00e7\u00e3o de imunizantes como Rio de Janeiro, S\u00e3o Paulo e o Distrito Federal. O grupo deve debater as dificuldades encontradas no enfrentamento da pandemia e vacina\u00e7\u00e3o, com debate sobre o colapso no sistema de sa\u00fade e o est\u00e1gio da pandemia e da vacina\u00e7\u00e3o.<\/p>\n\n\n\n<h2>Calend\u00e1rio de reuni\u00f5es \u00e9 extenso. Termina no dia 1\u00b0 de julho com a apresenta\u00e7\u00e3o e vota\u00e7\u00e3o do relat\u00f3rio.<\/h2>\n\n\n\n<p><strong>18 de mar\u00e7o de 2021:<\/strong><\/p>\n\n\n\n<p>Pauta: reuni\u00e3o mensal com Ministro da Sa\u00fade para debater o Plano Nacional de Imuniza\u00e7\u00e3o e o cumprimento dos respectivos prazos, bem como as medidas de combate \u00e0 pandemia. Audi\u00eancia com o Ministro da Sa\u00fade: Eduardo Pazuello.<\/p>\n\n\n\n<p><strong>22 de mar\u00e7o de 2021:<\/strong><\/p>\n\n\n\n<p>Pauta: reuni\u00e3o mensal com o Ministro da Economia para debater o Plano Nacional de Imuniza\u00e7\u00e3o e o cumprimento dos respectivos prazos, bem como a situa\u00e7\u00e3o fiscal. Convidado, ent\u00e3o, o Ministro Paulo Roberto Guedes.<\/p>\n\n\n\n<p><strong>25 de mar\u00e7o de 2021:<\/strong><\/p>\n\n\n\n<p>Pauta: reuni\u00e3o com representantes das fabricantes de vacina. Audi\u00eancia com:<\/p>\n\n\n\n<p>\u2013 Presidente do Instituto Butantan;<br>\u2013 Presidente da Fiocruz;<br>\u2013 representante de farmac\u00eauticas.<\/p>\n\n\n\n<p><strong>29 de mar\u00e7o de 2021:<\/strong><\/p>\n\n\n\n<p>Pauta: reuni\u00e3o com o Ministro das Rela\u00e7\u00f5es Exteriores para debater os entraves \u00e0 aquisi\u00e7\u00e3o de vacinas e medidas que podem ou devem ser tomadas para agilizar a aquisi\u00e7\u00e3o de vacinas pelo Pa\u00eds. Audi\u00eancia com o Ministro das Rela\u00e7\u00f5es Exteriores: Ernesto Ara\u00fajo.<\/p>\n\n\n\n<p><strong>1\u00ba de abril de 2021:<\/strong><\/p>\n\n\n\n<p>Pauta: reuni\u00e3o com a Presidente do Tribunal de Contas da Uni\u00e3o e o Ministro da Controladoria-Geral da Uni\u00e3o para debater o acompanhamento dos gastos p\u00fablicos relacionados ao combate \u00e0 pandemia e tamb\u00e9m a campanha de vacina\u00e7\u00e3o. Audi\u00eancia com:<\/p>\n\n\n\n<p>\u2013 Ana Arraes \u2013 Presidente do Tribunal de Contas da Uni\u00e3o;<br>\u2013 Wagner Ros\u00e1rio \u2013 Ministro da Controladoria-Geral da Uni\u00e3o.<\/p>\n\n\n\n<p><strong>5 de abril de 2021:<\/strong><\/p>\n\n\n\n<p>Pauta: reuni\u00e3o para elencar e priorizar projetos legislativos em andamento considerados relevantes para a aquisi\u00e7\u00e3o de vacinas.<\/p>\n\n\n\n<p><strong>8 de abril de 2021:<\/strong><\/p>\n\n\n\n<p>Pauta: reuni\u00e3o com Prefeitos municipais \u2013 indica\u00e7\u00e3o da Frente Nacional de Prefeitos e da Confedera\u00e7\u00e3o Nacional dos Munic\u00edpios.<\/p>\n\n\n\n<p><strong>12 de abril de 2021:<\/strong><\/p>\n\n\n\n<p>Pauta: reuni\u00e3o com representantes dos secret\u00e1rios estaduais de sa\u00fade \u2013 indica\u00e7\u00e3o do Conselho Nacional de Secret\u00e1rios de Sa\u00fade (Conass).<\/p>\n\n\n\n<p><strong>15 de abril de 2021:<\/strong><\/p>\n\n\n\n<p>Pauta: reuni\u00e3o com representantes das secretarias municipais de sa\u00fade \u2013 indica\u00e7\u00e3o do Conselho Nacional de Secretarias Municipais de Sa\u00fade (Conasems).<\/p>\n\n\n\n<p><strong>19 de abril de 2021:<\/strong><\/p>\n\n\n\n<p>Pauta: reuni\u00e3o mensal com o Ministro da Sa\u00fade para debater o Plano Nacional de Imuniza\u00e7\u00e3o e o cumprimento dos respectivos prazos, bem como as medidas de combate \u00e0 pandemia. Audi\u00eancia com o Ministro Eduardo Pazuello.<\/p>\n\n\n\n<p><strong>22 de abril de 2021:<\/strong><\/p>\n\n\n\n<p>Pauta: reuni\u00e3o mensal com o Ministro da Economia para debater o Plano Nacional de Imuniza\u00e7\u00e3o e o cumprimento dos respectivos prazos, bem como a situa\u00e7\u00e3o fiscal. Convidado: o Ministro Paulo Roberto Nunes Guedes.<\/p>\n\n\n\n<p><strong>26 de abril de 2021:<\/strong><\/p>\n\n\n\n<p>Pauta: reuni\u00e3o com representantes do empresariado para discutir a coparticipa\u00e7\u00e3o de empresas no plano de vacina\u00e7\u00e3o. Audi\u00eancia com:<\/p>\n\n\n\n<p>\u2013 Josu\u00e9 de Alencar;<br>\u2013 Lu\u00edza Trajano;<br>\u2013 e outros que ainda podem ser acrescidos pelo Senado.<\/p>\n\n\n\n<p><strong>29 de abril de 2021:<\/strong><\/p>\n\n\n\n<p>Pauta: reuni\u00e3o com representantes de usu\u00e1rios com assento no Conselho Nacional de Sa\u00fade (CNS).<\/p>\n\n\n\n<p><strong>3 de maio de 2021:<\/strong><\/p>\n\n\n\n<p>Pauta: reuni\u00e3o a ser definida na Comiss\u00e3o, avaliando o est\u00e1gio da pandemia e da vacina\u00e7\u00e3o.<\/p>\n\n\n\n<p><strong>6 de maio de 2021:<\/strong><\/p>\n\n\n\n<p>Pauta: reuni\u00e3o a ser definida na Comiss\u00e3o, avaliando o est\u00e1gio da pandemia e da vacina\u00e7\u00e3o.<\/p>\n\n\n\n<p><strong>10 de maio de 2021:<\/strong><\/p>\n\n\n\n<p>Pauta: reuni\u00e3o a ser definida na Comiss\u00e3o, avaliando o est\u00e1gio da pandemia e da vacina\u00e7\u00e3o.<\/p>\n\n\n\n<p><strong>13 de maio de 2021:<\/strong><\/p>\n\n\n\n<p>Pauta: reuni\u00e3o a ser definida na Comiss\u00e3o, avaliando o est\u00e1gio da pandemia e da vacina\u00e7\u00e3o.<\/p>\n\n\n\n<p><strong>17 de maio de 2021:<\/strong><\/p>\n\n\n\n<p>Pauta: reuni\u00e3o a ser definida na Comiss\u00e3o, avaliando o est\u00e1gio da pandemia e da vacina\u00e7\u00e3o.<\/p>\n\n\n\n<p><strong>20 de maio de 2021:<\/strong><\/p>\n\n\n\n<p>Pauta: reuni\u00e3o mensal com o Ministro da Sa\u00fade para debater o Plano Nacional de Imuniza\u00e7\u00e3o e o cumprimento dos respectivos prazos, bem como as medidas de combate \u00e0 pandemia, com o Ministro Eduardo Pazuello.<\/p>\n\n\n\n<p><strong>24 de maio de 2021:<\/strong><\/p>\n\n\n\n<p>Pauta: reuni\u00e3o mensal com o Ministro da Economia para debater o Plano Nacional de Imuniza\u00e7\u00e3o e o cumprimento dos respectivos prazos, bem como a situa\u00e7\u00e3o fiscal, sendo convidado o Ministro Paulo Roberto Nunes Guedes.<\/p>\n\n\n\n<p><strong>27 de maio de 2021:<\/strong><\/p>\n\n\n\n<p>Pauta: reuni\u00e3o a ser definida na Comiss\u00e3o, avaliando o est\u00e1gio da pandemia e da vacina\u00e7\u00e3o.<\/p>\n\n\n\n<p><strong>31 de maio de 2021:<\/strong><\/p>\n\n\n\n<p>Pauta: reuni\u00e3o a ser definida na Comiss\u00e3o, avaliando o est\u00e1gio da pandemia e da vacina\u00e7\u00e3o.<\/p>\n\n\n\n<p><strong>3 de junho de 2021:<\/strong><\/p>\n\n\n\n<p>Pauta: reuni\u00e3o a ser definida na Comiss\u00e3o, avaliando o est\u00e1gio da pandemia e da vacina\u00e7\u00e3o.<\/p>\n\n\n\n<p><strong>7 de junho de 2021:<\/strong><\/p>\n\n\n\n<p>Pauta: reuni\u00e3o a ser definida na Comiss\u00e3o, avaliando o est\u00e1gio da pandemia e da vacina\u00e7\u00e3o.<\/p>\n\n\n\n<p><strong>10 de junho de 2021:<\/strong><\/p>\n\n\n\n<p>Pauta: reuni\u00e3o a ser definida na Comiss\u00e3o, avaliando o est\u00e1gio da pandemia e da vacina\u00e7\u00e3o.<\/p>\n\n\n\n<p><strong>14 de junho de 2021:<\/strong><\/p>\n\n\n\n<p>Pauta: reuni\u00e3o com o Presidente do Tribunal de Contas da Uni\u00e3o e o Ministro da Controladoria-Geral da Uni\u00e3o para debater o acompanhamento dos gastos p\u00fablicos relacionados ao combate \u00e0 pandemia e campanha de vacina\u00e7\u00e3o. Audi\u00eancia com:<\/p>\n\n\n\n<p>\u2013 Ana Arraes, Presidente do Tribunal de Contas da Uni\u00e3o;<br>\u2013 Wagner Ros\u00e1rio, Ministro da Controladoria-Geral da Uni\u00e3o.<\/p>\n\n\n\n<p><strong>17 de junho de 2021:<\/strong><\/p>\n\n\n\n<p>Pauta: reuni\u00e3o mensal com o Ministro da Sa\u00fade para debater o Plano Nacional de Imuniza\u00e7\u00e3o e o cumprimento dos respectivos prazos, bem como as medidas de combate \u00e0 pandemia, com o Ministro Eduardo Pazuello.<\/p>\n\n\n\n<p><strong>21 de junho de 2021:<\/strong><\/p>\n\n\n\n<p>Pauta: reuni\u00e3o mensal com o Ministro da Economia para debater o Plano Nacional de Imuniza\u00e7\u00e3o e o cumprimento dos respectivos prazos, bem como a situa\u00e7\u00e3o fiscal, com o Ministro Paulo Guedes.<\/p>\n\n\n\n<p><strong>24 de junho de 2021:<\/strong><\/p>\n\n\n\n<p>Pauta: disponibiliza\u00e7\u00e3o do relat\u00f3rio final da Comiss\u00e3o aos seus membros, para sugest\u00f5es.<\/p>\n\n\n\n<p><strong>28 de junho de 2021:<\/strong><\/p>\n\n\n\n<p>Pauta: delibera\u00e7\u00e3o do relat\u00f3rio final da Comiss\u00e3o.<\/p>\n\n\n\n<p><strong>1\u00ba de julho de 2021:<\/strong><\/p>\n\n\n\n<p>Pauta: divulga\u00e7\u00e3o do relat\u00f3rio final da Comiss\u00e3o e aprecia\u00e7\u00e3o para aprova\u00e7\u00e3o.<\/p>\n","protected":false},"excerpt":{"rendered":"<p>A&nbsp;Comiss\u00e3o Tempor\u00e1ria do Senado&nbsp;da covid-19 aprovou nesta segunda-feira (8) o plano de trabalho que pretende seguir. Presidida pelo senador Conf\u00facio Moura (MDB-RO), al\u00e9m de acompanhar a destina\u00e7\u00e3o e aplica\u00e7\u00e3o dos recursos p\u00fablicos no combate \u00e0 pandemia, a comiss\u00e3o, segundo o relator, senador Wellington Fagundes (PL-MT), vai acompanhar todo o processo de vacina\u00e7\u00e3o no Brasil, desde [&hellip;]<\/p>\n","protected":false},"author":2,"featured_media":7768,"comment_status":"open","ping_status":"open","sticky":false,"template":"","format":"standard","meta":[],"categories":[8],"tags":[],"_links":{"self":[{"href":"https:\/\/dgospel.com.br\/portal\/index.php\/wp-json\/wp\/v2\/posts\/7767"}],"collection":[{"href":"https:\/\/dgospel.com.br\/portal\/index.php\/wp-json\/wp\/v2\/posts"}],"about":[{"href":"https:\/\/dgospel.com.br\/portal\/index.php\/wp-json\/wp\/v2\/types\/post"}],"author":[{"embeddable":true,"href":"https:\/\/dgospel.com.br\/portal\/index.php\/wp-json\/wp\/v2\/users\/2"}],"replies":[{"embeddable":true,"href":"https:\/\/dgospel.com.br\/portal\/index.php\/wp-json\/wp\/v2\/comments?post=7767"}],"version-history":[{"count":1,"href":"https:\/\/dgospel.com.br\/portal\/index.php\/wp-json\/wp\/v2\/posts\/7767\/revisions"}],"predecessor-version":[{"id":7769,"href":"https:\/\/dgospel.com.br\/portal\/index.php\/wp-json\/wp\/v2\/posts\/7767\/revisions\/7769"}],"wp:featuredmedia":[{"embeddable":true,"href":"https:\/\/dgospel.com.br\/portal\/index.php\/wp-json\/wp\/v2\/media\/7768"}],"wp:attachment":[{"href":"https:\/\/dgospel.com.br\/portal\/index.php\/wp-json\/wp\/v2\/media?parent=7767"}],"wp:term":[{"taxonomy":"category","embeddable":true,"href":"https:\/\/dgospel.com.br\/portal\/index.php\/wp-json\/wp\/v2\/categories?post=7767"},{"taxonomy":"post_tag","embeddable":true,"href":"https:\/\/dgospel.com.br\/portal\/index.php\/wp-json\/wp\/v2\/tags?post=7767"}],"curies":[{"name":"wp","href":"https:\/\/api.w.org\/{rel}","templated":true}]}}