{"id":7773,"date":"2021-03-08T18:51:49","date_gmt":"2021-03-08T21:51:49","guid":{"rendered":"http:\/\/dgospel.com.br\/portal\/?p=7773"},"modified":"2021-03-08T18:51:54","modified_gmt":"2021-03-08T21:51:54","slug":"lideres-evangelicos-protestam-contra-restricoes-do-funcionamento-das-igrejas-em-pe","status":"publish","type":"post","link":"https:\/\/dgospel.com.br\/portal\/index.php\/2021\/03\/08\/lideres-evangelicos-protestam-contra-restricoes-do-funcionamento-das-igrejas-em-pe\/","title":{"rendered":"L\u00edderes evang\u00e9licos protestam contra restri\u00e7\u00f5es do funcionamento das igrejas, em PE"},"content":{"rendered":"\n<p>Lideran\u00e7as evang\u00e9licas de Pernambuco realizaram, na manh\u00e3 deste domingo (7), a carreata \u2018Igreja \u00c9 Essencial\u2019, um protesto contra o&nbsp;<strong><a href=\"https:\/\/folhagospel.com\/covid-19-templos-religiosos-de-pernambuco-nao-poderao-abrir-nos-finais-de-semana\/?fiatlinx=no\" target=\"_blank\" rel=\"noreferrer noopener\">decreto estadual que restringiu o funcionamento dos templos<\/a><\/strong>.<\/p>\n\n\n\n<p>At\u00e9 17 de mar\u00e7o, as atividades n\u00e3o essenciais n\u00e3o podem funcionar das 20h \u00e0s 5h durante a semana, e ficam proibidas nos s\u00e1bados e domingos.<\/p>\n\n\n\n<p>A carreata teve concentra\u00e7\u00e3o na Padaria Boa Viagem, na Zona Sul do Recife, passou pela Avenida Agamenon Magalh\u00e3es e seguiu at\u00e9 o Pal\u00e1cio Campo das Princesas, no Centro, onde o ato ganhou tons de protestos e causou aglomera\u00e7\u00f5es.<\/p>\n\n\n\n<p>\u201cEstamos, como igreja, lutando pelo nosso direito constitucional de culto. Centenas de carros, pastores, crist\u00e3os, unidos numa s\u00f3 voz dizendo que a igreja \u00e9 essencial e mandando um recado para o Governo de Pernambuco e para a sociedade pernambucana. N\u00e3o vamos nos calar\u201d, disse a deputada estadual Clarissa T\u00e9rcio (PSC), que realizou diversas lives nas redes sociais durante o ato.<\/p>\n\n\n\n<p>Na \u00faltima sexta-feira (5), lideran\u00e7as cat\u00f3licas tamb\u00e9m realizaram um protesto em frente ao Pal\u00e1cio. O deputado Estadual Pastor Cleiton Collins (PP) deu entrada na Assembleia Legislativa de Pernambuco (Alepe) em um Projeto de Lei que classifica a Igreja como servi\u00e7o essencial no Estado. O PL est\u00e1 em tramita\u00e7\u00e3o nas comiss\u00f5es da Casa legislativa. Para o autor do Projeto, as Igrejas t\u00eam um papel importante na sociedade.<\/p>\n\n\n\n<p>\u201cEla sempre atuou em todos os momentos da vida das fam\u00edlias e principalmente agora no tempo da calamidade. \u00c9 ela que est\u00e1 ali tamb\u00e9m como o pronto socorro da alma, da mente, onde muitas pessoas est\u00e3o inst\u00e1veis, entrando em depress\u00e3o. O papel da Igreja neste tempo de pandemia \u00e9 muito importante e n\u00e3o pode parar. Ela deve estar junto com todos os servi\u00e7os essenciais trabalhando como um hospital da alma\u201d, disse Collins, em comunicado.<\/p>\n\n\n\n<p>A Secretaria Estadual de Sa\u00fade registrou, no s\u00e1bado (6), 1.571 casos da Covid-19 e mais 34 mortes causadas pela doen\u00e7a. Pernambuco j\u00e1 totaliza 11.153 mil mortes pelo novo coronav\u00edrus. O estado tamb\u00e9m tem um total de 307.891 mil casos confirmados da doen\u00e7a.<\/p>\n\n\n\n<p><strong>Fonte: Di\u00e1rio de Pernambuco<\/strong><\/p>\n","protected":false},"excerpt":{"rendered":"<p>Lideran\u00e7as evang\u00e9licas de Pernambuco realizaram, na manh\u00e3 deste domingo (7), a carreata \u2018Igreja \u00c9 Essencial\u2019, um protesto contra o&nbsp;decreto estadual que restringiu o funcionamento dos templos. At\u00e9 17 de mar\u00e7o, as atividades n\u00e3o essenciais n\u00e3o podem funcionar das 20h \u00e0s 5h durante a semana, e ficam proibidas nos s\u00e1bados e domingos. A carreata teve concentra\u00e7\u00e3o [&hellip;]<\/p>\n","protected":false},"author":2,"featured_media":7774,"comment_status":"open","ping_status":"open","sticky":false,"template":"","format":"standard","meta":[],"categories":[5],"tags":[],"_links":{"self":[{"href":"https:\/\/dgospel.com.br\/portal\/index.php\/wp-json\/wp\/v2\/posts\/7773"}],"collection":[{"href":"https:\/\/dgospel.com.br\/portal\/index.php\/wp-json\/wp\/v2\/posts"}],"about":[{"href":"https:\/\/dgospel.com.br\/portal\/index.php\/wp-json\/wp\/v2\/types\/post"}],"author":[{"embeddable":true,"href":"https:\/\/dgospel.com.br\/portal\/index.php\/wp-json\/wp\/v2\/users\/2"}],"replies":[{"embeddable":true,"href":"https:\/\/dgospel.com.br\/portal\/index.php\/wp-json\/wp\/v2\/comments?post=7773"}],"version-history":[{"count":1,"href":"https:\/\/dgospel.com.br\/portal\/index.php\/wp-json\/wp\/v2\/posts\/7773\/revisions"}],"predecessor-version":[{"id":7775,"href":"https:\/\/dgospel.com.br\/portal\/index.php\/wp-json\/wp\/v2\/posts\/7773\/revisions\/7775"}],"wp:featuredmedia":[{"embeddable":true,"href":"https:\/\/dgospel.com.br\/portal\/index.php\/wp-json\/wp\/v2\/media\/7774"}],"wp:attachment":[{"href":"https:\/\/dgospel.com.br\/portal\/index.php\/wp-json\/wp\/v2\/media?parent=7773"}],"wp:term":[{"taxonomy":"category","embeddable":true,"href":"https:\/\/dgospel.com.br\/portal\/index.php\/wp-json\/wp\/v2\/categories?post=7773"},{"taxonomy":"post_tag","embeddable":true,"href":"https:\/\/dgospel.com.br\/portal\/index.php\/wp-json\/wp\/v2\/tags?post=7773"}],"curies":[{"name":"wp","href":"https:\/\/api.w.org\/{rel}","templated":true}]}}