{"id":7776,"date":"2021-03-09T11:17:51","date_gmt":"2021-03-09T14:17:51","guid":{"rendered":"http:\/\/dgospel.com.br\/portal\/?p=7776"},"modified":"2021-03-09T11:17:53","modified_gmt":"2021-03-09T14:17:53","slug":"juizes-que-poderao-julgar-lula-ja-decidiram-a-favor-dele-e-do-pt","status":"publish","type":"post","link":"https:\/\/dgospel.com.br\/portal\/index.php\/2021\/03\/09\/juizes-que-poderao-julgar-lula-ja-decidiram-a-favor-dele-e-do-pt\/","title":{"rendered":"Ju\u00edzes que poder\u00e3o julgar Lula j\u00e1 decidiram a favor dele e do PT"},"content":{"rendered":"\n<p>Cotados para herdarem processos do ex-presidente Luiz In\u00e1cio&nbsp;<a href=\"https:\/\/pleno.news\/tag\/lula\" target=\"_blank\" rel=\"noreferrer noopener\">Lula<\/a>&nbsp;da Silva, no \u00e2mbito da Opera\u00e7\u00e3o Lava Jato, ap\u00f3s a decis\u00e3o monocr\u00e1tica do ministro Edson Fachin, do Supremo Tribunal Federal (<a href=\"https:\/\/pleno.news\/tag\/stf\" target=\"_blank\" rel=\"noreferrer noopener\">STF<\/a>), os ju\u00edzes da 10\u00aa e da 12\u00aa Vara Federal j\u00e1 decidiram a favor do petista em casos anteriores sob suas responsabilidades.<\/p>\n\n\n\n<p>Entre os nomes que devem assumir os processos de Lula est\u00e3o Vallisney de Souza Oliveira, titular da 10\u00aa Vara, e Marcus Vinicius Reis Bastos, titular da 12\u00aa. Entre os suplentes est\u00e3o Ricardo Augusto Soares Leite, da 10\u00aa, e Pollyanna Kelly Maciel Medeiros Martins Alves, da 12\u00aa.<\/p>\n\n\n\n<p>Em julho de 2019, Vallisney absolveu o petista da acusa\u00e7\u00e3o de organiza\u00e7\u00e3o criminosa e lavagem de dinheiro em processo que apura suposto favorecimento \u00e0 Odebrecht em contratos de Angola. Na mesma decis\u00e3o, Oliveira absolveu um dos sobrinhos do ex-presidente, Taiguara Rodrigues dos Santos, de parte das acusa\u00e7\u00f5es.<\/p>\n\n\n\n<p>O juiz tamb\u00e9m \u00e9 autor de decis\u00e3o que recusou den\u00fancia contra lobistas, empres\u00e1rios, advogados e o ex-conselheiro do Conselho Administrativo de Recursos Federais (Carf), Jos\u00e9 Ricardo da Silva, durante a Opera\u00e7\u00e3o Zelotes. Eles eram acusados de pagar propina para favorecer a montadora Ford no Carf.<\/p>\n\n\n\n<p>J\u00e1 o magistrado da 12\u00aa Vara, Marcus Vinicius Reis Bastos, costuma favorecer o r\u00e9u na maior parte de suas decis\u00f5es. Foi ele, por exemplo, quem anulou provas colhidas pela Lava Jato contra os ministros petistas Ant\u00f4nio Palocci e Guido Mantega, suspeitos de receber propina da Odebrecht. A decis\u00e3o foi tomada em janeiro deste ano.<\/p>\n","protected":false},"excerpt":{"rendered":"<p>Cotados para herdarem processos do ex-presidente Luiz In\u00e1cio&nbsp;Lula&nbsp;da Silva, no \u00e2mbito da Opera\u00e7\u00e3o Lava Jato, ap\u00f3s a decis\u00e3o monocr\u00e1tica do ministro Edson Fachin, do Supremo Tribunal Federal (STF), os ju\u00edzes da 10\u00aa e da 12\u00aa Vara Federal j\u00e1 decidiram a favor do petista em casos anteriores sob suas responsabilidades. Entre os nomes que devem assumir [&hellip;]<\/p>\n","protected":false},"author":2,"featured_media":7777,"comment_status":"open","ping_status":"open","sticky":false,"template":"","format":"standard","meta":[],"categories":[4],"tags":[14],"_links":{"self":[{"href":"https:\/\/dgospel.com.br\/portal\/index.php\/wp-json\/wp\/v2\/posts\/7776"}],"collection":[{"href":"https:\/\/dgospel.com.br\/portal\/index.php\/wp-json\/wp\/v2\/posts"}],"about":[{"href":"https:\/\/dgospel.com.br\/portal\/index.php\/wp-json\/wp\/v2\/types\/post"}],"author":[{"embeddable":true,"href":"https:\/\/dgospel.com.br\/portal\/index.php\/wp-json\/wp\/v2\/users\/2"}],"replies":[{"embeddable":true,"href":"https:\/\/dgospel.com.br\/portal\/index.php\/wp-json\/wp\/v2\/comments?post=7776"}],"version-history":[{"count":1,"href":"https:\/\/dgospel.com.br\/portal\/index.php\/wp-json\/wp\/v2\/posts\/7776\/revisions"}],"predecessor-version":[{"id":7778,"href":"https:\/\/dgospel.com.br\/portal\/index.php\/wp-json\/wp\/v2\/posts\/7776\/revisions\/7778"}],"wp:featuredmedia":[{"embeddable":true,"href":"https:\/\/dgospel.com.br\/portal\/index.php\/wp-json\/wp\/v2\/media\/7777"}],"wp:attachment":[{"href":"https:\/\/dgospel.com.br\/portal\/index.php\/wp-json\/wp\/v2\/media?parent=7776"}],"wp:term":[{"taxonomy":"category","embeddable":true,"href":"https:\/\/dgospel.com.br\/portal\/index.php\/wp-json\/wp\/v2\/categories?post=7776"},{"taxonomy":"post_tag","embeddable":true,"href":"https:\/\/dgospel.com.br\/portal\/index.php\/wp-json\/wp\/v2\/tags?post=7776"}],"curies":[{"name":"wp","href":"https:\/\/api.w.org\/{rel}","templated":true}]}}