{"id":7779,"date":"2021-03-09T12:23:14","date_gmt":"2021-03-09T15:23:14","guid":{"rendered":"http:\/\/dgospel.com.br\/portal\/?p=7779"},"modified":"2021-03-09T12:23:16","modified_gmt":"2021-03-09T15:23:16","slug":"na-capital-operacao-integrada-contra-aglomeracao-resulta-na-aplicacao-de-15-autos-de-infracao-e-23-notificacoes","status":"publish","type":"post","link":"https:\/\/dgospel.com.br\/portal\/index.php\/2021\/03\/09\/na-capital-operacao-integrada-contra-aglomeracao-resulta-na-aplicacao-de-15-autos-de-infracao-e-23-notificacoes\/","title":{"rendered":"Na Capital, opera\u00e7\u00e3o integrada contra aglomera\u00e7\u00e3o resulta na aplica\u00e7\u00e3o de 15 autos de infra\u00e7\u00e3o e 23 notifica\u00e7\u00f5es"},"content":{"rendered":"\n<p>Nos \u00faltimos dias, in\u00fameros estabelecimentos foram visitados durante a opera\u00e7\u00e3o integrada das for\u00e7as de seguran\u00e7a na Capital. A &nbsp;fiscaliza\u00e7\u00e3o foi intensificada de quarta-feira, 3, a domingo, 7, e marcou o in\u00edcio das novas medidas de restri\u00e7\u00f5es adotadas pela Prefeitura de Palmas que entraram em vigor no s\u00e1bado, 6, para barrar a prolifera\u00e7\u00e3o da Covid-19. Os fiscais de Obras e Posturas aplicaram neste per\u00edodo, 15 autos de infra\u00e7\u00e3o e 23 notifica\u00e7\u00f5es em pontos comerciais e em espa\u00e7os privados flagrados promovendo aglomera\u00e7\u00e3o.<\/p>\n\n\n\n<p>As equipes de fiscaliza\u00e7\u00e3o est\u00e3o percorrendo todas as regi\u00f5es da cidade, se revezando no trabalho no intuito de levar orienta\u00e7\u00e3o para popula\u00e7\u00e3o e agindo conforme as diretrizes da legisla\u00e7\u00e3o municipal para coibir irregularidades. Segundo a Diretoria de Fiscaliza\u00e7\u00e3o da Secretaria de Desenvolvimento e Servi\u00e7os Regionais (Sedusr), a principal causa dos autos de infra\u00e7\u00e3o foi o descumprimento do hor\u00e1rio de funcionamento dos estabelecimentos comerciais.&nbsp;<\/p>\n\n\n\n<p>&#8220;Os fiscais de Posturas e da Visa, com o suporte da GMP, agentes de Tr\u00e2nsito e Pol\u00edcia Militar desempenham a fun\u00e7\u00e3o important\u00edssima de resguardar vidas. N\u00e3o basta estrutura de sa\u00fade, n\u00e3o bastam cuidados individuais, todos temos que colaborar para conter o avan\u00e7o do v\u00edrus, e as equipes de fiscaliza\u00e7\u00e3o atuam justamente para coibir aqueles que ainda insistem em desrespeitar as medidas de conten\u00e7\u00e3o&#8221;, destacou o secret\u00e1rio executivo da Secretaria de Desenvolvimento Urbano e Servi\u00e7os Regionais (Sedusr), Gustavo Bott\u00f3s.<\/p>\n\n\n\n<p>O secret\u00e1rio executivo informou ainda que as fiscaliza\u00e7\u00f5es continuar\u00e3o diuturnamente nos pr\u00f3ximos dias.<\/p>\n\n\n\n<p>Medidas em vigor<\/p>\n\n\n\n<p>O Decreto n\u00ba 2.003 estabelece que a suspens\u00e3o das atividades n\u00e3o essenciais segue em vigor at\u00e9 o dia 16 de mar\u00e7o. Os segmentos enquadrados na \u00e1rea &nbsp;dos servi\u00e7os essenciais podem atender o p\u00fablico seguindo as regras e o hor\u00e1rio de funcionamento que \u00e9 das 6 \u00e0s 20 horas.&nbsp;<\/p>\n\n\n\n<p>A popula\u00e7\u00e3o pode fazer den\u00fancias, caso identifique descumprimentos do decreto, por meio dos n\u00fameros 153 (Guarda Metropolitana de Palmas) ou 190 (Pol\u00edcia Militar).&nbsp;<\/p>\n\n\n\n<p>As opera\u00e7\u00f5es de fiscaliza\u00e7\u00e3o s\u00e3o comandadas pela Diretoria de Fiscaliza\u00e7\u00e3o da Secretaria de Desenvolvimento e Servi\u00e7os Regionais (Sedusr) e pela Vigil\u00e2ncia Sanit\u00e1ria (Visa), com o apoio dos agentes de Tr\u00e2nsito e Transporte, da Guarda Metropolitana de Palmas (GMP) e Pol\u00edcia Militar (PM).<\/p>\n","protected":false},"excerpt":{"rendered":"<p>Nos \u00faltimos dias, in\u00fameros estabelecimentos foram visitados durante a opera\u00e7\u00e3o integrada das for\u00e7as de seguran\u00e7a na Capital. A &nbsp;fiscaliza\u00e7\u00e3o foi intensificada de quarta-feira, 3, a domingo, 7, e marcou o in\u00edcio das novas medidas de restri\u00e7\u00f5es adotadas pela Prefeitura de Palmas que entraram em vigor no s\u00e1bado, 6, para barrar a prolifera\u00e7\u00e3o da Covid-19. Os [&hellip;]<\/p>\n","protected":false},"author":2,"featured_media":7780,"comment_status":"open","ping_status":"open","sticky":false,"template":"","format":"standard","meta":[],"categories":[3],"tags":[13],"_links":{"self":[{"href":"https:\/\/dgospel.com.br\/portal\/index.php\/wp-json\/wp\/v2\/posts\/7779"}],"collection":[{"href":"https:\/\/dgospel.com.br\/portal\/index.php\/wp-json\/wp\/v2\/posts"}],"about":[{"href":"https:\/\/dgospel.com.br\/portal\/index.php\/wp-json\/wp\/v2\/types\/post"}],"author":[{"embeddable":true,"href":"https:\/\/dgospel.com.br\/portal\/index.php\/wp-json\/wp\/v2\/users\/2"}],"replies":[{"embeddable":true,"href":"https:\/\/dgospel.com.br\/portal\/index.php\/wp-json\/wp\/v2\/comments?post=7779"}],"version-history":[{"count":1,"href":"https:\/\/dgospel.com.br\/portal\/index.php\/wp-json\/wp\/v2\/posts\/7779\/revisions"}],"predecessor-version":[{"id":7781,"href":"https:\/\/dgospel.com.br\/portal\/index.php\/wp-json\/wp\/v2\/posts\/7779\/revisions\/7781"}],"wp:featuredmedia":[{"embeddable":true,"href":"https:\/\/dgospel.com.br\/portal\/index.php\/wp-json\/wp\/v2\/media\/7780"}],"wp:attachment":[{"href":"https:\/\/dgospel.com.br\/portal\/index.php\/wp-json\/wp\/v2\/media?parent=7779"}],"wp:term":[{"taxonomy":"category","embeddable":true,"href":"https:\/\/dgospel.com.br\/portal\/index.php\/wp-json\/wp\/v2\/categories?post=7779"},{"taxonomy":"post_tag","embeddable":true,"href":"https:\/\/dgospel.com.br\/portal\/index.php\/wp-json\/wp\/v2\/tags?post=7779"}],"curies":[{"name":"wp","href":"https:\/\/api.w.org\/{rel}","templated":true}]}}