{"id":7782,"date":"2021-03-09T16:28:28","date_gmt":"2021-03-09T19:28:28","guid":{"rendered":"http:\/\/dgospel.com.br\/portal\/?p=7782"},"modified":"2021-03-09T16:28:30","modified_gmt":"2021-03-09T19:28:30","slug":"mp-sp-recomenda-a-joao-doria-suspensao-de-cultos-e-missas","status":"publish","type":"post","link":"https:\/\/dgospel.com.br\/portal\/index.php\/2021\/03\/09\/mp-sp-recomenda-a-joao-doria-suspensao-de-cultos-e-missas\/","title":{"rendered":"MP-SP recomenda a Jo\u00e3o Doria suspens\u00e3o de cultos e missas"},"content":{"rendered":"\n<p>O Minist\u00e9rio P\u00fablico de S\u00e3o Paulo recomendou ao governador Jo\u00e3o Doria que \u201ctome as devidas provid\u00eancias para suspens\u00e3o da realiza\u00e7\u00e3o de cultos, missas e demais de car\u00e1ter coletivo e de eventos esportivos de qualquer esp\u00e9cie, inclusive partidas de futebol, durante a fase vermelha do Plano S\u00e3o Paulo\u201d.<\/p>\n\n\n\n<p>A orienta\u00e7\u00e3o \u00e9 assinada pelo procurador-geral de Justi\u00e7a Mario Sarrubbo. A recomenda\u00e7\u00e3o acontece ap\u00f3s uma reuni\u00e3o virtual liderada pelo procurador para examinar o decreto de Doria que reconhece as atividades religiosas como essenciais durante a pandemia, permitindo que templos e igrejas permane\u00e7am abertos mesmo na fase vermelha.<\/p>\n\n\n\n<p>Em seu of\u00edcio, Sarrubbo colocou como \u201cimprescind\u00edvel\u201d a suspens\u00e3o das atividades religiosas.<\/p>\n\n\n\n<p>Em reuni\u00e3o do gabinete de crise da Covid-19 criado pelo MP de SP, m\u00e9dicos destacaram que a alta taxa de ocupa\u00e7\u00e3o de leitos de UTI e o aumento da transmiss\u00e3o de novas cepas do v\u00edrus tornam a situa\u00e7\u00e3o cr\u00edtica neste momento.<\/p>\n","protected":false},"excerpt":{"rendered":"<p>O Minist\u00e9rio P\u00fablico de S\u00e3o Paulo recomendou ao governador Jo\u00e3o Doria que \u201ctome as devidas provid\u00eancias para suspens\u00e3o da realiza\u00e7\u00e3o de cultos, missas e demais de car\u00e1ter coletivo e de eventos esportivos de qualquer esp\u00e9cie, inclusive partidas de futebol, durante a fase vermelha do Plano S\u00e3o Paulo\u201d. A orienta\u00e7\u00e3o \u00e9 assinada pelo procurador-geral de Justi\u00e7a [&hellip;]<\/p>\n","protected":false},"author":2,"featured_media":7783,"comment_status":"open","ping_status":"open","sticky":false,"template":"","format":"standard","meta":[],"categories":[4],"tags":[],"_links":{"self":[{"href":"https:\/\/dgospel.com.br\/portal\/index.php\/wp-json\/wp\/v2\/posts\/7782"}],"collection":[{"href":"https:\/\/dgospel.com.br\/portal\/index.php\/wp-json\/wp\/v2\/posts"}],"about":[{"href":"https:\/\/dgospel.com.br\/portal\/index.php\/wp-json\/wp\/v2\/types\/post"}],"author":[{"embeddable":true,"href":"https:\/\/dgospel.com.br\/portal\/index.php\/wp-json\/wp\/v2\/users\/2"}],"replies":[{"embeddable":true,"href":"https:\/\/dgospel.com.br\/portal\/index.php\/wp-json\/wp\/v2\/comments?post=7782"}],"version-history":[{"count":1,"href":"https:\/\/dgospel.com.br\/portal\/index.php\/wp-json\/wp\/v2\/posts\/7782\/revisions"}],"predecessor-version":[{"id":7784,"href":"https:\/\/dgospel.com.br\/portal\/index.php\/wp-json\/wp\/v2\/posts\/7782\/revisions\/7784"}],"wp:featuredmedia":[{"embeddable":true,"href":"https:\/\/dgospel.com.br\/portal\/index.php\/wp-json\/wp\/v2\/media\/7783"}],"wp:attachment":[{"href":"https:\/\/dgospel.com.br\/portal\/index.php\/wp-json\/wp\/v2\/media?parent=7782"}],"wp:term":[{"taxonomy":"category","embeddable":true,"href":"https:\/\/dgospel.com.br\/portal\/index.php\/wp-json\/wp\/v2\/categories?post=7782"},{"taxonomy":"post_tag","embeddable":true,"href":"https:\/\/dgospel.com.br\/portal\/index.php\/wp-json\/wp\/v2\/tags?post=7782"}],"curies":[{"name":"wp","href":"https:\/\/api.w.org\/{rel}","templated":true}]}}