{"id":7788,"date":"2021-03-10T15:39:50","date_gmt":"2021-03-10T18:39:50","guid":{"rendered":"http:\/\/dgospel.com.br\/portal\/?p=7788"},"modified":"2021-03-10T15:39:52","modified_gmt":"2021-03-10T18:39:52","slug":"pl-de-leo-barbosa-veda-discriminacao-a-criancas-e-adolescentes-portadores-de-deficiencia-ou-doenca-cronica","status":"publish","type":"post","link":"https:\/\/dgospel.com.br\/portal\/index.php\/2021\/03\/10\/pl-de-leo-barbosa-veda-discriminacao-a-criancas-e-adolescentes-portadores-de-deficiencia-ou-doenca-cronica\/","title":{"rendered":"PL de L\u00e9o Barbosa veda discrimina\u00e7\u00e3o \u00e0 crian\u00e7as e adolescentes portadores de defici\u00eancia ou doen\u00e7a cr\u00f4nica"},"content":{"rendered":"\n<p>\n\nTramita na Assembleia Legislativa do Tocantins um Projeto de Lei de autoria do deputado estadual L\u00e9o Barbosa (Solidariedade) que veda qualquer discrimina\u00e7\u00e3o \u00e0 crian\u00e7a e ao adolescente portador de defici\u00eancia ou doen\u00e7a cr\u00f4nica nos estabelecimentos de ensino, creches e em institui\u00e7\u00f5es p\u00fablicas ou privadas.<br>Pelo Projeto de Lei, que foi apresentado nesta ter\u00e7a-feira (09), os estabelecimentos dever\u00e3o capacitar seu corpo docente e equipe de apoio para acolher a crian\u00e7a e o adolescente portador de defici\u00eancia ou doen\u00e7a cr\u00f4nica, propiciando-lhe a integra\u00e7\u00e3o a todas as atividades educacionais e de lazer que sua condi\u00e7\u00e3o possibilite.<br>L\u00e9o Barbosa destaca que o PL prev\u00ea san\u00e7\u00f5es como advert\u00eancia e multa para quem cometer a irregularidade e que visa complementar a legisla\u00e7\u00e3o federal que j\u00e1 veda a pr\u00e1tica de discrimina\u00e7\u00e3o. &#8220;A mat\u00e9ria tem como objetivo evitar a incid\u00eancia de discrimina\u00e7\u00e3o no ambiente escolar e promover maior inclus\u00e3o social&#8221;, ressalta o parlamentar.&nbsp;<br>Para os efeitos da Lei s\u00e3o consideradas deficientes todas as pessoas que t\u00eam restri\u00e7\u00e3o f\u00edsica, mental ou sensorial, de natureza permanente ou transit\u00f3ria, que limitam parcial ou substancialmente a capacidade de exercer uma ou mais atividades essenciais da vida di\u00e1ria.\n\n<\/p>\n","protected":false},"excerpt":{"rendered":"<p>Tramita na Assembleia Legislativa do Tocantins um Projeto de Lei de autoria do deputado estadual L\u00e9o Barbosa (Solidariedade) que veda qualquer discrimina\u00e7\u00e3o \u00e0 crian\u00e7a e ao adolescente portador de defici\u00eancia ou doen\u00e7a cr\u00f4nica nos estabelecimentos de ensino, creches e em institui\u00e7\u00f5es p\u00fablicas ou privadas.Pelo Projeto de Lei, que foi apresentado nesta ter\u00e7a-feira (09), os estabelecimentos [&hellip;]<\/p>\n","protected":false},"author":2,"featured_media":7789,"comment_status":"open","ping_status":"open","sticky":false,"template":"","format":"standard","meta":[],"categories":[8],"tags":[],"_links":{"self":[{"href":"https:\/\/dgospel.com.br\/portal\/index.php\/wp-json\/wp\/v2\/posts\/7788"}],"collection":[{"href":"https:\/\/dgospel.com.br\/portal\/index.php\/wp-json\/wp\/v2\/posts"}],"about":[{"href":"https:\/\/dgospel.com.br\/portal\/index.php\/wp-json\/wp\/v2\/types\/post"}],"author":[{"embeddable":true,"href":"https:\/\/dgospel.com.br\/portal\/index.php\/wp-json\/wp\/v2\/users\/2"}],"replies":[{"embeddable":true,"href":"https:\/\/dgospel.com.br\/portal\/index.php\/wp-json\/wp\/v2\/comments?post=7788"}],"version-history":[{"count":1,"href":"https:\/\/dgospel.com.br\/portal\/index.php\/wp-json\/wp\/v2\/posts\/7788\/revisions"}],"predecessor-version":[{"id":7790,"href":"https:\/\/dgospel.com.br\/portal\/index.php\/wp-json\/wp\/v2\/posts\/7788\/revisions\/7790"}],"wp:featuredmedia":[{"embeddable":true,"href":"https:\/\/dgospel.com.br\/portal\/index.php\/wp-json\/wp\/v2\/media\/7789"}],"wp:attachment":[{"href":"https:\/\/dgospel.com.br\/portal\/index.php\/wp-json\/wp\/v2\/media?parent=7788"}],"wp:term":[{"taxonomy":"category","embeddable":true,"href":"https:\/\/dgospel.com.br\/portal\/index.php\/wp-json\/wp\/v2\/categories?post=7788"},{"taxonomy":"post_tag","embeddable":true,"href":"https:\/\/dgospel.com.br\/portal\/index.php\/wp-json\/wp\/v2\/tags?post=7788"}],"curies":[{"name":"wp","href":"https:\/\/api.w.org\/{rel}","templated":true}]}}