{"id":7794,"date":"2021-03-10T16:42:52","date_gmt":"2021-03-10T19:42:52","guid":{"rendered":"http:\/\/dgospel.com.br\/portal\/?p=7794"},"modified":"2021-03-10T16:42:54","modified_gmt":"2021-03-10T19:42:54","slug":"carlesse-debate-com-comite-de-crise-proposta-para-limitar-pessoas-nas-lojas-e-ampliar-o-horario-de-atendimento","status":"publish","type":"post","link":"https:\/\/dgospel.com.br\/portal\/index.php\/2021\/03\/10\/carlesse-debate-com-comite-de-crise-proposta-para-limitar-pessoas-nas-lojas-e-ampliar-o-horario-de-atendimento\/","title":{"rendered":"Carlesse debate com Comit\u00ea de Crise proposta para limitar pessoas nas lojas e ampliar o hor\u00e1rio de atendimento"},"content":{"rendered":"\n<p>O governador do Estado do Tocantins, Mauro Carlesse, coordenou na tarde desta ter\u00e7a-feira, 9, reuni\u00e3o do Comit\u00ea de Crise para discutir a evolu\u00e7\u00e3o da Covid-19 no Tocantins, as medidas de distanciamento social e as demandas de representantes de entidades empresariais para constru\u00e7\u00e3o de um plano de enfrentamento da pandemia, sem sacrificar a atividade econ\u00f4mica. O Comit\u00ea de Crise \u00e9 formado por representantes do Executivo, Judici\u00e1rio, Legislativo, for\u00e7as de seguran\u00e7a e \u00f3rg\u00e3os p\u00fablicos do Estado.<\/p>\n\n\n\n<p>O Governador mais uma vez destacou a import\u00e2ncia de unir for\u00e7as para enfrentar a crise e de ouvir todos os integrantes do Comit\u00ea e de entidades representativas do segmento empresarial, em busca da melhor forma de agir diante deste momento de agravamento da pandemia no Estado. Tamb\u00e9m sugeriu a amplia\u00e7\u00e3o do hor\u00e1rio de atendimento e a restri\u00e7\u00e3o do n\u00famero de pessoas no com\u00e9rcio, refor\u00e7ando a necessidade de combater as aglomera\u00e7\u00f5es em festas, no transporte p\u00fablico, mercados e institui\u00e7\u00f5es banc\u00e1rias.&nbsp; \u201cTemos que tomar decis\u00f5es em conjunto, ouvindo todos os parceiros\u201d, pontuou.<\/p>\n\n\n\n<p>A proposta de flexibiliza\u00e7\u00e3o dos hor\u00e1rios de funcionamento das atividades empresariais, no sentido de evitar as aglomera\u00e7\u00f5es no com\u00e9rcio, bem como, nos transportes p\u00fablicos e institui\u00e7\u00f5es financeiras, foi&nbsp;bem recebida&nbsp;pelos representantes das entidades que participaram da reuni\u00e3o. Eles entendem que as empresas j\u00e1 est\u00e3o sendo bastante penalizadas e que as medidas de restri\u00e7\u00e3o de hor\u00e1rios s\u00e3o equivocadas, uma vez que o limite do hor\u00e1rio de funcionamento do com\u00e9rcio produz o efeito contr\u00e1rio, gerando mais aglomera\u00e7\u00f5es.<\/p>\n\n\n\n<p>O representante do Sindicato das Empresas de Transporte Coletivo Urbano de Passageiros (Seturb), Roni Von Pinto, ressaltou que a restri\u00e7\u00e3o de hor\u00e1rio de funcionamento das atividades, sejam empresariais ou p\u00fablicas, \u00e9 um desastre para o transporte p\u00fablico, e que o ideal \u00e9 expandir o hor\u00e1rio de funcionamento das atividades essenciais. \u201cExpandir hor\u00e1rio e fazer o escalonamento de hor\u00e1rio de entrada e de funcionamento dos segmentos da sociedade v\u00e3o&nbsp;fazer com que as pessoas n\u00e3o procurem o transporte p\u00fablico no mesmo hor\u00e1rio\u201d, refor\u00e7ou.<\/p>\n\n\n\n<p>A representante da Associa\u00e7\u00e3o Brasileira de Bares e Restaurantes no Tocantins (Abrasel), Ana Paula Setti, afirmou que a participa\u00e7\u00e3o nessa reuni\u00e3o atende uma reivindica\u00e7\u00e3o da entidade e explicou que o setor \u00e9 um dos mais penalizados durante a pandemia. Ela defendeu que os empres\u00e1rios do setor que representa est\u00e3o atentos a todos os protocolos e que a flexibiliza\u00e7\u00e3o proposta pelo governador Mauro Carlesse \u00e9 importante para a continuidade das atividades, sem preju\u00edzos \u00e0s exig\u00eancias sanit\u00e1rias. \u201cTemos consci\u00eancia do que estamos fazendo e as medidas propostas s\u00e3o bem-vindas\u201d.<\/p>\n\n\n\n<p>\u201cN\u00f3s temos que expandir o tempo de atendimento. Se o empres\u00e1rio tem condi\u00e7\u00f5es, fica 24 horas. Os bancos, que gerenciam nosso dinheiro, tamb\u00e9m deveriam funcionar em tempo integral, mas isso n\u00e3o acontece, limitam o hor\u00e1rio de funcionamento e promovem aglomera\u00e7\u00f5es, por isso sou favor\u00e1vel a essa proposta\u201d, defendeu o presidente da Associa\u00e7\u00e3o Brasileira de Ag\u00eancias de Viagem no Tocantins (ABAV-TO), Marcelo Perim.<\/p>\n\n\n\n<p>O presidente da Federa\u00e7\u00e3o do Com\u00e9rcio do Tocantins (Fecom\u00e9rcio), Itelvino Pisoni, parabenizou pela iniciativa e destacou que a solu\u00e7\u00e3o para o problema das aglomera\u00e7\u00f5es n\u00e3o \u00e9 o fechamento do com\u00e9rcio. \u201cEu endosso essa proposta e n\u00e3o podemos baixar a guarda. Temos que evitar as aglomera\u00e7\u00f5es no com\u00e9rcio, estendendo o hor\u00e1rio de funcionamento nos estabelecimentos\u201d, declarou.<\/p>\n\n\n\n<p>\u201cFico feliz com esse posicionamento do senhor, quando defende estender o hor\u00e1rio. \u00c9 isso o que precisamos. S\u00f3 vamos acabar com o problema a partir do momento que a popula\u00e7\u00e3o for vacinada, portanto, \u00e9 preciso buscar solu\u00e7\u00f5es coerentes, como essa proposta pelo senhor, para evitar as aglomera\u00e7\u00f5es e o cont\u00e1gio\u201d, comemorou o presidente da Federa\u00e7\u00e3o das Associa\u00e7\u00f5es Comerciais e Industriais do Estado do Tocantins (Faciet), Fabiano do Vale, dirigindo-se ao governador Mauro Carlesse.<\/p>\n\n\n\n<p>O Governador afirmou que as propostas ser\u00e3o analisadas pelo Comit\u00ea o mais r\u00e1pido poss\u00edvel para que seja dado um encaminhamento das medidas a serem adotadas. \u201cPrecisamos de uma defini\u00e7\u00e3o r\u00e1pida, para que seja tomada uma provid\u00eancia a ser adotada pelo Estado para fazer frente \u00e0 pandemia e reduzir esse quadro atual de ocupa\u00e7\u00e3o dos leitos de UTIs e cl\u00ednicos. Estamos abrindo mais leitos, mas isso n\u00e3o \u00e9 suficiente. N\u00e3o adianta somente um segmento fazer a sua parte e outros n\u00e3o colaborarem. Essa decis\u00e3o dever\u00e1 ser conjunta, esse \u00e9 o caminho e queremos isso o mais r\u00e1pido poss\u00edvel\u201d, pontuou.<\/p>\n\n\n\n<p><strong>Balan\u00e7o<\/strong><\/p>\n\n\n\n<p>O secret\u00e1rio de Estado da Sa\u00fade, Edgar Tollini, explicou que o momento \u00e9 delicado e informou que, nesta ter\u00e7a-feira, 9, o Tocantins atingiu 445 pessoas internadas e cerca de 10% esperando leitos de UTI.&nbsp; Edgar Tollini destacou que o desafio, no momento, \u00e9 dar condi\u00e7\u00e3o de interna\u00e7\u00e3o para os que necessitam de leitos cl\u00ednicos, e que recentemente foram instalados mais 52 leitos, sendo 9, em Porto Nacional;&nbsp;20, em Aragua\u00edna;&nbsp;14, em Para\u00edso do Tocantins; e&nbsp;9, em Gurupi.<\/p>\n\n\n\n<p>O secret\u00e1rio refor\u00e7ou que, por determina\u00e7\u00e3o do governador Mauro Carlesse, est\u00e1 sendo ampliada a oferta de insumos, EPIs e materiais necess\u00e1rios para as unidades hospitalares e amplia\u00e7\u00e3o dos leitos de UTIs, mas explicou que acima de tudo \u00e9 necess\u00e1rio consci\u00eancia da popula\u00e7\u00e3o para a import\u00e2ncia de obedecer as normas sanit\u00e1rias. \u201cDe nada adianta implantarmos leitos, se as pessoas n\u00e3o tomarem consci\u00eancia da gravidade da situa\u00e7\u00e3o. N\u00e3o \u00e9 leito em hospital que vai nos dar tranquilidade, mas sim aten\u00e7\u00e3o \u00e0s medidas sanit\u00e1rias, de distanciamento social e a responsabilidade individual e coletiva\u201d, refor\u00e7ou.<\/p>\n\n\n\n<p>O presidente da Assembleia Legislativa, Ant\u00f4nio Andrade, agradeceu ao governador pela instala\u00e7\u00e3o de UTIs em Porto Nacional, assegurou que o Legislativo est\u00e1 atuante e lembrou que \u00e9 preciso que a popula\u00e7\u00e3o tamb\u00e9m fa\u00e7a a sua parte. \u201cTem que ter responsabilidade, caso contr\u00e1rio vamos instalar leitos a cada dia e n\u00e3o vamos resolver o problema\u201d.<\/p>\n\n\n\n<p><strong>Comit\u00ea<\/strong><\/p>\n\n\n\n<p>O Comit\u00ea de Crise para Preven\u00e7\u00e3o da Covid-19 foi implantado pelo Governo do Tocantins e conta com a participa\u00e7\u00e3o da Assembleia Legislativa (AL\/TO); do Tribunal de Justi\u00e7a (TJ\/TO); do Minist\u00e9rio P\u00fablico Estadual (MPE); da Defensoria P\u00fablica Estadual (DPE); da Pol\u00edcia Federal (PF); da Pol\u00edcia Rodovi\u00e1ria Federal (PRF), da Ordem dos Advogados do Brasil &#8211; Seccional Tocantins (OAB\/TO), das For\u00e7as Armadas e de outras institui\u00e7\u00f5es. O objetivo \u00e9 a uni\u00e3o de for\u00e7as entre os Poderes do Estado e \u00f3rg\u00e3os institucionais com vistas ao enfrentamento da pandemia provocada pelo novo Coronav\u00edrus.<\/p>\n","protected":false},"excerpt":{"rendered":"<p>O governador do Estado do Tocantins, Mauro Carlesse, coordenou na tarde desta ter\u00e7a-feira, 9, reuni\u00e3o do Comit\u00ea de Crise para discutir a evolu\u00e7\u00e3o da Covid-19 no Tocantins, as medidas de distanciamento social e as demandas de representantes de entidades empresariais para constru\u00e7\u00e3o de um plano de enfrentamento da pandemia, sem sacrificar a atividade econ\u00f4mica. O [&hellip;]<\/p>\n","protected":false},"author":2,"featured_media":7795,"comment_status":"open","ping_status":"open","sticky":false,"template":"","format":"standard","meta":[],"categories":[3],"tags":[13],"_links":{"self":[{"href":"https:\/\/dgospel.com.br\/portal\/index.php\/wp-json\/wp\/v2\/posts\/7794"}],"collection":[{"href":"https:\/\/dgospel.com.br\/portal\/index.php\/wp-json\/wp\/v2\/posts"}],"about":[{"href":"https:\/\/dgospel.com.br\/portal\/index.php\/wp-json\/wp\/v2\/types\/post"}],"author":[{"embeddable":true,"href":"https:\/\/dgospel.com.br\/portal\/index.php\/wp-json\/wp\/v2\/users\/2"}],"replies":[{"embeddable":true,"href":"https:\/\/dgospel.com.br\/portal\/index.php\/wp-json\/wp\/v2\/comments?post=7794"}],"version-history":[{"count":1,"href":"https:\/\/dgospel.com.br\/portal\/index.php\/wp-json\/wp\/v2\/posts\/7794\/revisions"}],"predecessor-version":[{"id":7796,"href":"https:\/\/dgospel.com.br\/portal\/index.php\/wp-json\/wp\/v2\/posts\/7794\/revisions\/7796"}],"wp:featuredmedia":[{"embeddable":true,"href":"https:\/\/dgospel.com.br\/portal\/index.php\/wp-json\/wp\/v2\/media\/7795"}],"wp:attachment":[{"href":"https:\/\/dgospel.com.br\/portal\/index.php\/wp-json\/wp\/v2\/media?parent=7794"}],"wp:term":[{"taxonomy":"category","embeddable":true,"href":"https:\/\/dgospel.com.br\/portal\/index.php\/wp-json\/wp\/v2\/categories?post=7794"},{"taxonomy":"post_tag","embeddable":true,"href":"https:\/\/dgospel.com.br\/portal\/index.php\/wp-json\/wp\/v2\/tags?post=7794"}],"curies":[{"name":"wp","href":"https:\/\/api.w.org\/{rel}","templated":true}]}}