{"id":7797,"date":"2021-03-10T16:53:08","date_gmt":"2021-03-10T19:53:08","guid":{"rendered":"http:\/\/dgospel.com.br\/portal\/?p=7797"},"modified":"2021-03-10T16:53:09","modified_gmt":"2021-03-10T19:53:09","slug":"apos-decisao-de-fachin-general-fala-em-ruptura-institucional","status":"publish","type":"post","link":"https:\/\/dgospel.com.br\/portal\/index.php\/2021\/03\/10\/apos-decisao-de-fachin-general-fala-em-ruptura-institucional\/","title":{"rendered":"Ap\u00f3s decis\u00e3o de Fachin, general fala em \u201cruptura institucional\u201d"},"content":{"rendered":"\n<p>O ex-comandante da Escola de Comando e Estado-Maior do&nbsp;<a href=\"https:\/\/pleno.news\/tag\/exercito\" target=\"_blank\" rel=\"noreferrer noopener\">Ex\u00e9rcito<\/a>, general Luiz Eduardo Rocha Paiva, publicou um artigo no site do Clube Militar com duras cr\u00edticas contra a decis\u00e3o do ministro&nbsp;<a href=\"https:\/\/pleno.news\/tag\/edson-fachin\" target=\"_blank\" rel=\"noreferrer noopener\">Edson Fachin<\/a>, do Supremo Tribunal Federal (STF), que anulou as condena\u00e7\u00f5es contra o ex-presidente Lula no \u00e2mbito da Opera\u00e7\u00e3o Lava Jato. No texto, o militar reformado afirmou que a decis\u00e3o deixa o pa\u00eds pr\u00f3ximo de uma \u201cruptura institucional\u201d.<\/p>\n\n\n\n<p>\u2013 O STF feriu de morte o equil\u00edbrio dos Poderes, um dos pilares do regime democr\u00e1tico e da paz pol\u00edtica e social. A continuar esse rumo, chegaremos ao ponto de ruptura institucional, e, nessa hora, as For\u00e7as Armadas (FA) ser\u00e3o chamadas pelos pr\u00f3prios Poderes da Uni\u00e3o, como reza a Constitui\u00e7\u00e3o \u2013 escreveu.<\/p>\n\n\n\n<p>Em seu artigo, o general acusou o ministro do Supremo de desdenhar das decis\u00f5es tomadas pelas Cortes de inst\u00e2ncias inferiores e afirmou que Fachin utilizou \u201cmeandros jur\u00eddicos de menor relev\u00e2ncia diante das robustas evid\u00eancias de corrup\u00e7\u00e3o em mais elevado grau\u201d.<\/p>\n\n\n\n<p>\u2013 Fachin escandalizou o Brasil e causou um choque brutal em nossa autoestima, orgulho e confian\u00e7a no pa\u00eds \u2013 declarou.<\/p>\n\n\n\n<p>Paiva ainda destacou que algumas decis\u00f5es do Supremo tem revelado uma \u201cileg\u00edtima disposi\u00e7\u00e3o de conduzir os destinos do pa\u00eds, invadindo \u00e1reas dos demais poderes e contando com a coniv\u00eancia de deputados e senadores\u201d e chamou o povo brasileiro a pressionar as diversas institui\u00e7\u00f5es nacionais para reverter a decis\u00e3o.<\/p>\n\n\n\n<p>\u2013 Cabe ao povo brasileiro exercer o leg\u00edtimo e, tamb\u00e9m legal, direito de pressionar na m\u00eddia e nas institui\u00e7\u00f5es e organiza\u00e7\u00f5es, mas principalmente nas ruas, de forma ordeira, firme, resoluta, sem descanso e sem retrocessos, por uma reviravolta nessa situa\u00e7\u00e3o que \u00e9 motivo de vergonha nacional \u2013 apontou.<\/p>\n\n\n\n<p>Confira abaixo, na \u00edntegra, o texto publicado pelo general Luiz Paiva no site do Clube Militar:<\/p>\n\n\n\n<p><em><strong>Aproxima-se o ponto de ruptura<\/strong><\/em><\/p>\n\n\n\n<p><em>A nefasta decis\u00e3o do Ministro Fachin, livrando Lula de suas condena\u00e7\u00f5es foi uma bofetada na cara (desculpem a express\u00e3o) da Na\u00e7\u00e3o Brasileira.<\/em><\/p>\n\n\n\n<p><em>Ap\u00f3s tanto trabalho, esfor\u00e7o, lutas, participa\u00e7\u00e3o popular e regate do civismo e da cidadania do povo brasileiro, uma \u00fanica pessoa, ao arrepio do que seja justi\u00e7a, seguran\u00e7a jur\u00eddica e senso de responsabilidade pol\u00edtica, praticamente, arremessou no lixo a Opera\u00e7\u00e3o Lava Jato e, com ela, a esperan\u00e7a da sociedade num futuro mais digno.<\/em><\/p>\n\n\n\n<p><em>Uma s\u00f3 pessoa desdenhou das decis\u00f5es das Cortes da Justi\u00e7a de Primeira Inst\u00e2ncia, de um Tribunal Regional Federal e do Superior Tribunal de Justi\u00e7a, onde, em todas elas, Lula, uma criatura deplor\u00e1vel, fora condenado. Com base em meandros jur\u00eddicos de menor relev\u00e2ncia diante das robustas evid\u00eancias de corrup\u00e7\u00e3o em mais elevado grau, Fachin escandalizou o Brasil e causou um choque brutal em nossa autoestima, orgulho e confian\u00e7a no Pa\u00eds.<\/em><\/p>\n\n\n\n<p><em>Para reverter essa decis\u00e3o, cabe ao povo brasileiro exercer o leg\u00edtimo e, tamb\u00e9m legal, direito de pressionar na m\u00eddia e nas institui\u00e7\u00f5es e organiza\u00e7\u00f5es, mas principalmente nas ruas, de forma ordeira, firme, resoluta, sem descanso e sem retrocessos, por uma reviravolta nessa situa\u00e7\u00e3o que \u00e9 motivo de vergonha nacional.<\/em><\/p>\n\n\n\n<p><em>Essa e outras decis\u00f5es monocr\u00e1ticas e, tamb\u00e9m, algumas decis\u00f5es do pleno do STF revelam uma ileg\u00edtima disposi\u00e7\u00e3o de conduzir os destinos do Pa\u00eds, invadindo \u00e1reas dos demais Poderes e contando com a coniv\u00eancia de deputados e senadores, cujo grande efetivo resulta na submiss\u00e3o do Congresso Nacional. Da mesma forma, a Alta Corte algemou o Executivo, comprometeu sua autoridade e vem colocando em risco a paz, a harmonia e a pr\u00f3pria unidade nacional.<\/em><\/p>\n\n\n\n<p><em>O STF feriu de morte o equil\u00edbrio dos Poderes, um dos pilares do regime democr\u00e1tico e da paz pol\u00edtica e social. A continuar esse rumo, chegaremos ao ponto de ruptura institucional e, nessa hora, as For\u00e7as Armadas (FA) ser\u00e3o chamadas pelos pr\u00f3prios Poderes da Uni\u00e3o, como reza a Constitui\u00e7\u00e3o. Por isso, hoje, \u00e9 bom lembrar Rui Barbosa: A pior ditadura \u00e9 a ditadura do Poder Judici\u00e1rio. Contra ela, n\u00e3o h\u00e1 a quem recorrer. O grande jurista se referia ao recurso a inst\u00e2ncias legais.<\/em><\/p>\n\n\n\n<p><em>Por\u00e9m, o que \u00e9 supremo n\u00e3o \u00e9 a lei e sim a Justi\u00e7a e esta n\u00e3o existe quando a lei \u00e9 usada contra o bem comum. N\u00e3o fosse assim, ainda ser\u00edamos uma col\u00f4nia de Portugal. Em um conflito entre Poderes, a qual deles as FA se submeter\u00e3o? Com certeza, ficar\u00e3o unidas e ao lado da Na\u00e7\u00e3o, \u00fanica detentora de sua lealdade. Que a lideran\u00e7a nacional tenha isso em mente.<\/em><\/p>\n","protected":false},"excerpt":{"rendered":"<p>O ex-comandante da Escola de Comando e Estado-Maior do&nbsp;Ex\u00e9rcito, general Luiz Eduardo Rocha Paiva, publicou um artigo no site do Clube Militar com duras cr\u00edticas contra a decis\u00e3o do ministro&nbsp;Edson Fachin, do Supremo Tribunal Federal (STF), que anulou as condena\u00e7\u00f5es contra o ex-presidente Lula no \u00e2mbito da Opera\u00e7\u00e3o Lava Jato. No texto, o militar reformado [&hellip;]<\/p>\n","protected":false},"author":2,"featured_media":7798,"comment_status":"open","ping_status":"open","sticky":false,"template":"","format":"standard","meta":[],"categories":[4],"tags":[14],"_links":{"self":[{"href":"https:\/\/dgospel.com.br\/portal\/index.php\/wp-json\/wp\/v2\/posts\/7797"}],"collection":[{"href":"https:\/\/dgospel.com.br\/portal\/index.php\/wp-json\/wp\/v2\/posts"}],"about":[{"href":"https:\/\/dgospel.com.br\/portal\/index.php\/wp-json\/wp\/v2\/types\/post"}],"author":[{"embeddable":true,"href":"https:\/\/dgospel.com.br\/portal\/index.php\/wp-json\/wp\/v2\/users\/2"}],"replies":[{"embeddable":true,"href":"https:\/\/dgospel.com.br\/portal\/index.php\/wp-json\/wp\/v2\/comments?post=7797"}],"version-history":[{"count":1,"href":"https:\/\/dgospel.com.br\/portal\/index.php\/wp-json\/wp\/v2\/posts\/7797\/revisions"}],"predecessor-version":[{"id":7799,"href":"https:\/\/dgospel.com.br\/portal\/index.php\/wp-json\/wp\/v2\/posts\/7797\/revisions\/7799"}],"wp:featuredmedia":[{"embeddable":true,"href":"https:\/\/dgospel.com.br\/portal\/index.php\/wp-json\/wp\/v2\/media\/7798"}],"wp:attachment":[{"href":"https:\/\/dgospel.com.br\/portal\/index.php\/wp-json\/wp\/v2\/media?parent=7797"}],"wp:term":[{"taxonomy":"category","embeddable":true,"href":"https:\/\/dgospel.com.br\/portal\/index.php\/wp-json\/wp\/v2\/categories?post=7797"},{"taxonomy":"post_tag","embeddable":true,"href":"https:\/\/dgospel.com.br\/portal\/index.php\/wp-json\/wp\/v2\/tags?post=7797"}],"curies":[{"name":"wp","href":"https:\/\/api.w.org\/{rel}","templated":true}]}}