{"id":780,"date":"2018-07-17T18:36:39","date_gmt":"2018-07-17T21:36:39","guid":{"rendered":"http:\/\/dgospel.com.br\/portal\/?p=780"},"modified":"2018-07-17T18:41:05","modified_gmt":"2018-07-17T21:41:05","slug":"em-culto-meirelles-e-chamado-de-pai-das-financas-pelo-pastor-jose-wellington","status":"publish","type":"post","link":"https:\/\/dgospel.com.br\/portal\/index.php\/2018\/07\/17\/em-culto-meirelles-e-chamado-de-pai-das-financas-pelo-pastor-jose-wellington\/","title":{"rendered":"Em culto, Meirelles \u00e9 chamado de \u201cpai das finan\u00e7as\u201d pelo pastor Jos\u00e9 Wellington"},"content":{"rendered":"<p>Pr\u00e9-candidato a presid\u00eancia da Rep\u00fablica, o ex-ministro Henrique Meirelles foi chamado de \u201cpai das finan\u00e7as\u201d pelo pastor Jos\u00e9 Wellington, l\u00edder da igreja Assembleia de Deus Minist\u00e9rio do Bel\u00e9m.<\/p>\n<p>A fala ocorreu durante um culto com a participa\u00e7\u00e3o do presidenci\u00e1vel do MDB, na zona leste de S\u00e3o Paulo. Na ocasi\u00e3o, Jos\u00e9 Wellington ainda afirmou que Meirelles \u201ctem potencial para ser o futuro presidente da rep\u00fablica\u201d.<\/p>\n<p>Ap\u00f3s as considera\u00e7\u00f5es do l\u00edder da Igreja, o ex-ministro subiu ao p\u00falpito do templo ao lado do ministro da Secretaria-Geral da Presid\u00eancia, Ronaldo Fonseca, que \u00e9 membro da Assembleia de Deus.<\/p>\n<p>No palanque, Meirelles pediu ora\u00e7\u00f5es para ele e para o pa\u00eds e citou o fato de nunca ter tido uma acusa\u00e7\u00e3o contra si ao longo de sua trajet\u00f3ria. Segundo o pr\u00e9-candidato, a honestidade esteve presente em toda sua vida.<\/p>\n<p>\u201cEsta palavra, esses princ\u00edpios de retid\u00e3o, honestidade, tudo na minha vida foi pautado por isso. E nunca houve uma acusa\u00e7\u00e3o, nunca houve uma palavra. N\u00e3o houve por qu\u00ea? Por que os meus princ\u00edpios s\u00e3o princ\u00edpios de austeridade, princ\u00edpios de retid\u00e3o, tal qual os princ\u00edpios ensinados pelo pastor Jos\u00e9 Wellington\u201d, afirmou Meirelles.<\/p>\n<p>Ao discursar, o pr\u00e9-candidato defendeu que \u201ccom f\u00e9 em Deus e com ora\u00e7\u00e3o de todos\u201d pretende fazer com que o pa\u00eds siga no caminho certo. Meirelles tamb\u00e9m afirmou que o Brasil saiu da recess\u00e3o com f\u00e9 e determina\u00e7\u00e3o. \u201cN\u00f3s fizemos isso com muita perseveran\u00e7a, muita f\u00e9, muita determina\u00e7\u00e3o, e conseguimos tirar o Brasil de uma recess\u00e3o que muitos acreditavam que seria imposs\u00edvel. Que n\u00e3o era vi\u00e1vel que em t\u00e3o pouco espa\u00e7o de tempo, pouco menos de dois anos, o Brasil conseguisse sair dessa recess\u00e3o. J\u00e1 saiu. Mas tem muito o que fazer. N\u00f3s sabermos que a situa\u00e7\u00e3o ainda \u00e9 muito dif\u00edcil\u201d, disse.<\/p>\n<p>Ao fim, o pr\u00e9-candidato recebeu uma ora\u00e7\u00e3o voltada para a sua campanha e para um eventual mandato.<\/p>\n<p>&nbsp;<\/p>\n","protected":false},"excerpt":{"rendered":"<p>Pr\u00e9-candidato a presid\u00eancia da Rep\u00fablica, o ex-ministro Henrique Meirelles foi chamado de \u201cpai das finan\u00e7as\u201d pelo pastor Jos\u00e9 Wellington, l\u00edder da igreja Assembleia de Deus Minist\u00e9rio do Bel\u00e9m. A fala ocorreu durante um culto com a participa\u00e7\u00e3o do presidenci\u00e1vel do MDB, na zona leste de S\u00e3o Paulo. Na ocasi\u00e3o, Jos\u00e9 Wellington ainda afirmou que Meirelles [&hellip;]<\/p>\n","protected":false},"author":2,"featured_media":781,"comment_status":"open","ping_status":"open","sticky":false,"template":"","format":"standard","meta":[],"categories":[2,5,4],"tags":[],"_links":{"self":[{"href":"https:\/\/dgospel.com.br\/portal\/index.php\/wp-json\/wp\/v2\/posts\/780"}],"collection":[{"href":"https:\/\/dgospel.com.br\/portal\/index.php\/wp-json\/wp\/v2\/posts"}],"about":[{"href":"https:\/\/dgospel.com.br\/portal\/index.php\/wp-json\/wp\/v2\/types\/post"}],"author":[{"embeddable":true,"href":"https:\/\/dgospel.com.br\/portal\/index.php\/wp-json\/wp\/v2\/users\/2"}],"replies":[{"embeddable":true,"href":"https:\/\/dgospel.com.br\/portal\/index.php\/wp-json\/wp\/v2\/comments?post=780"}],"version-history":[{"count":2,"href":"https:\/\/dgospel.com.br\/portal\/index.php\/wp-json\/wp\/v2\/posts\/780\/revisions"}],"predecessor-version":[{"id":783,"href":"https:\/\/dgospel.com.br\/portal\/index.php\/wp-json\/wp\/v2\/posts\/780\/revisions\/783"}],"wp:featuredmedia":[{"embeddable":true,"href":"https:\/\/dgospel.com.br\/portal\/index.php\/wp-json\/wp\/v2\/media\/781"}],"wp:attachment":[{"href":"https:\/\/dgospel.com.br\/portal\/index.php\/wp-json\/wp\/v2\/media?parent=780"}],"wp:term":[{"taxonomy":"category","embeddable":true,"href":"https:\/\/dgospel.com.br\/portal\/index.php\/wp-json\/wp\/v2\/categories?post=780"},{"taxonomy":"post_tag","embeddable":true,"href":"https:\/\/dgospel.com.br\/portal\/index.php\/wp-json\/wp\/v2\/tags?post=780"}],"curies":[{"name":"wp","href":"https:\/\/api.w.org\/{rel}","templated":true}]}}