{"id":7800,"date":"2021-03-10T17:20:44","date_gmt":"2021-03-10T20:20:44","guid":{"rendered":"http:\/\/dgospel.com.br\/portal\/?p=7800"},"modified":"2021-03-10T17:20:45","modified_gmt":"2021-03-10T20:20:45","slug":"ministro-da-educacao-entregam-mais-114-veiculos-para-transporte-escolar-dos-municipios-tocantinenses","status":"publish","type":"post","link":"https:\/\/dgospel.com.br\/portal\/index.php\/2021\/03\/10\/ministro-da-educacao-entregam-mais-114-veiculos-para-transporte-escolar-dos-municipios-tocantinenses\/","title":{"rendered":"Ministro da Educa\u00e7\u00e3o entregam mais 114 ve\u00edculos para transporte escolar dos munic\u00edpios tocantinenses"},"content":{"rendered":"\n<p>O governador do Tocantins, Mauro Carlesse;&nbsp;e o ministro da Educa\u00e7\u00e3o, Milton Ribeiro, por meio da Secretaria de Estado da Educa\u00e7\u00e3o, Juventude e Esportes (Seduc), entregaram na manh\u00e3 desta quarta-feira, 10, mais 114&nbsp;&nbsp;\u00f4nibus escolares para compor a frota do transporte escolar dos 139 munic\u00edpios tocantinenses. A cerim\u00f4nia foi a etapa final do programa&nbsp;<em>Toca pra Escola,<\/em>&nbsp;que j\u00e1 entregou um total de 433 ve\u00edculos com investimentos no valor de mais de R$ 85 milh\u00f5es.<\/p>\n\n\n\n<p>O governador Mauro Carlesse&nbsp;ressaltou a import\u00e2ncia de investir na educa\u00e7\u00e3o e afirmou que, mesmo em um atual cen\u00e1rio de pandemia, \u00e9 preciso se preparar para voltar \u00e0s aulas no futuro. \u201cN\u00f3s n\u00e3o podemos ser um pa\u00eds economicamente rico, mas educacionalmente pobre. N\u00f3s temos que inverter essa l\u00f3gica e investir cada vez mais em educa\u00e7\u00e3o, e o projeto&nbsp;<em>Toca pra Escola&nbsp;<\/em>\u00e9 uma maneira de reafirmar nosso compromisso com a educa\u00e7\u00e3o, \u00e9 honrar o dinheiro p\u00fablico, o dinheiro da popula\u00e7\u00e3o. N\u00f3s temos ajudado nossos munic\u00edpios no que \u00e9 poss\u00edvel e imposs\u00edvel, principalmente no que diz respeito \u00e0&nbsp;infraestrutura, \u00e0 melhoria das estradas, \u00e0 reforma das pontes, pois logo voltaremos a normalidade e precisamos estar preparados em todos os sentidos\u201d.<\/p>\n\n\n\n<p>Alinhado ao pensamento do governador Mauro Carlesse, o ministro da Educa\u00e7\u00e3o, Milton Ribeiro, relembrou que tamb\u00e9m j\u00e1 foi aluno de escola p\u00fablica e definiu o momento como esperan\u00e7oso. \u201cEu sempre estudei em escola p\u00fablica. Eu entendo um pouco das dificuldades e entregar, hoje, esses \u00f4nibus \u00e9 n\u00e3o deixar a esperan\u00e7a no futuro morrer. A esperan\u00e7a de que, em breve, todos seremos vacinados e poderemos voltar a estudar, trabalhar e ter uma vida normal\u201d.<\/p>\n\n\n\n<p>A secret\u00e1ria de Estado da Educa\u00e7\u00e3o, Juventude e Esporte, Adriana Aguiar, tamb\u00e9m participou do evento e agradeceu pela aquisi\u00e7\u00e3o dos ve\u00edculos em nome de pais e alunos do Estado. \u201cAtualmente, s\u00e3o quase 100 escolas ind\u00edgenas, escolas no campo e em comunidades quilombolas. N\u00f3s precisamos considerar essas dist\u00e2ncias quando pensamos na educa\u00e7\u00e3o do Tocantins. E agora, esse caminho at\u00e9 a escola ser\u00e1 mais confort\u00e1vel e tranquilo gra\u00e7as ao olhar de carinho que o governador Mauro Carlesse tem tido para a educa\u00e7\u00e3o do Estado. Por isso, eu agrade\u00e7o em nome de todos os pais e alunos do Estado\u201d, finalizou. &nbsp;<\/p>\n\n\n\n<p>A entrega das chaves dos ve\u00edculos foi feita de maneira simb\u00f3lica ao presidente da Associa\u00e7\u00e3o Tocantinense de Munic\u00edpios (ATM), Diogo Borges.<\/p>\n\n\n\n<p><strong>Investimentos<\/strong><\/p>\n\n\n\n<p>O vice-governador do Tocantins, Wanderlei Barbosa, expressou sua alegria com o momento e relembrou que ele s\u00f3 foi poss\u00edvel gra\u00e7as ao ajuste fiscal promovido pela atual gest\u00e3o nos \u00faltimos anos. \u201cO exerc\u00edcio mais importante que o Estado teve que fazer, para que esses ve\u00edculos pudessem ser adquiridos, foi sem d\u00favidas, ajustar as contas e voltar a se enquadrar na Lei de Responsabilidade Fiscal, que nos permite fazer esses investimentos e isso para n\u00f3s \u00e9 um duplo motivo de felicidade\u201d.<\/p>\n\n\n\n<p>Os ve\u00edculos foram adquiridos por meio de quatro Termos de Compromissos do Governo do Tocantins com o Fundo Nacional de Desenvolvimento da Educa\u00e7\u00e3o (FNDE) e com recursos de emendas parlamentares.<\/p>\n\n\n\n<p>Participando de maneira remota, o senador Eduardo Gomes&nbsp;comentou a parceria entre os parlamentares tocantinenses e o Governo do Tocantins.&nbsp;\u201cO momento \u00e9 de esperan\u00e7a para n\u00f3s, pois mesmo com a pandemia \u00e9 poss\u00edvel ver que o Tocantins continua crescendo, gra\u00e7as a um trabalho conjunto entre Governo do Tocantins&nbsp;e os parlamentares tocantinenses em Bras\u00edlia\u201d.<\/p>\n\n\n\n<p>O deputado Federal Carlos Gaguim tamb\u00e9m participou da cerim\u00f4nia e refor\u00e7ou a parceria. \u201cEu lembro quando o Governador me fez esse pedido dizendo que n\u00e3o queria as crian\u00e7as do Tocantins indo para escola em cima de caminh\u00e3o, caminhonete. Eu era filho de caminhoneiro, eu sei como \u00e9 essa experi\u00eancia, ent\u00e3o me sensibilizei com o pedido e al\u00e9m da emenda conjunta eu me comprometo a disponibilizar de maneira individual mais emendas para a aquisi\u00e7\u00e3o de ve\u00edculos escolares\u201d.<\/p>\n\n\n\n<p><strong>Acessibilidade e conforto<\/strong><\/p>\n\n\n\n<p>Os ve\u00edculos adquiridos pelo Governo s\u00e3o dos modelos Ore1 e Ore3. que comportam um total de 59 alunos sentados. Todos os \u00f4nibus s\u00e3o equipados com dispositivos de acessibilidade e seguem padr\u00f5es de qualidade e seguran\u00e7a estipulados pelo FNDE, em parceria com o Instituto Nacional de Metrologia, Qualidade e Tecnologia (Inmetro).<\/p>\n\n\n\n<p>Al\u00e9m disso, os \u00f4nibus contam com porta de l\u00e2mina \u00fanica, que possui veda\u00e7\u00e3o total para entrada de p\u00f3 e \u00e1gua, o que permite o tr\u00e1fego em estradas rurais de dif\u00edcil acesso e &nbsp;contam com um sistema aperfei\u00e7oado de isolamento t\u00e9rmico do motor, o que proporciona a diminui\u00e7\u00e3o do calor no interior do ve\u00edculo.<\/p>\n\n\n\n<p>A aquisi\u00e7\u00e3o dos \u00f4nibus se deu por meio do programa<em>&nbsp;Caminho da Escola<\/em>, do Governo Federal, que tem o objetivo de renovar a frota de ve\u00edculos escolares no Brasil e garantir seguran\u00e7a e qualidade ao transporte dos estudantes.<\/p>\n\n\n\n<p><strong>Profissionais da Educa\u00e7\u00e3o<\/strong><\/p>\n\n\n\n<p>Ainda durante o evento, o Ministro da Educa\u00e7\u00e3o afirmou ter protocolado um pedido, ao Minist\u00e9rio da Sa\u00fade, para que os profissionais da educa\u00e7\u00e3o, como professores, merendeiras e todos os que atuam na linha de frente das escolas, sejam priorizados no recebimento da vacina.<\/p>\n\n\n\n<p>O Ministro informou ainda que foram disponibilizados recursos financeiros para as escolas de todo o pa\u00eds, para a aquisi\u00e7\u00e3o de \u00e1lcool em gel, m\u00e1scaras e outros insumos de biosseguran\u00e7a.&nbsp;Para que, assim, as escolas possam retornar \u00e0s aulas e garantir a prote\u00e7\u00e3o da comunidade escolar.<\/p>\n\n\n\n<p>Participaram do evento tamb\u00e9m o presidente do Fundo Nacional de Desenvolvimento da Educa\u00e7\u00e3o B\u00e1sica (FNDE), Marcelo Ponte; e de maneira remota, o presidente da Assembleia Legislativa, Ant\u00f4nio Andrade.<\/p>\n","protected":false},"excerpt":{"rendered":"<p>O governador do Tocantins, Mauro Carlesse;&nbsp;e o ministro da Educa\u00e7\u00e3o, Milton Ribeiro, por meio da Secretaria de Estado da Educa\u00e7\u00e3o, Juventude e Esportes (Seduc), entregaram na manh\u00e3 desta quarta-feira, 10, mais 114&nbsp;&nbsp;\u00f4nibus escolares para compor a frota do transporte escolar dos 139 munic\u00edpios tocantinenses. A cerim\u00f4nia foi a etapa final do programa&nbsp;Toca pra Escola,&nbsp;que j\u00e1 [&hellip;]<\/p>\n","protected":false},"author":2,"featured_media":7801,"comment_status":"open","ping_status":"open","sticky":false,"template":"","format":"standard","meta":[],"categories":[4],"tags":[13],"_links":{"self":[{"href":"https:\/\/dgospel.com.br\/portal\/index.php\/wp-json\/wp\/v2\/posts\/7800"}],"collection":[{"href":"https:\/\/dgospel.com.br\/portal\/index.php\/wp-json\/wp\/v2\/posts"}],"about":[{"href":"https:\/\/dgospel.com.br\/portal\/index.php\/wp-json\/wp\/v2\/types\/post"}],"author":[{"embeddable":true,"href":"https:\/\/dgospel.com.br\/portal\/index.php\/wp-json\/wp\/v2\/users\/2"}],"replies":[{"embeddable":true,"href":"https:\/\/dgospel.com.br\/portal\/index.php\/wp-json\/wp\/v2\/comments?post=7800"}],"version-history":[{"count":1,"href":"https:\/\/dgospel.com.br\/portal\/index.php\/wp-json\/wp\/v2\/posts\/7800\/revisions"}],"predecessor-version":[{"id":7802,"href":"https:\/\/dgospel.com.br\/portal\/index.php\/wp-json\/wp\/v2\/posts\/7800\/revisions\/7802"}],"wp:featuredmedia":[{"embeddable":true,"href":"https:\/\/dgospel.com.br\/portal\/index.php\/wp-json\/wp\/v2\/media\/7801"}],"wp:attachment":[{"href":"https:\/\/dgospel.com.br\/portal\/index.php\/wp-json\/wp\/v2\/media?parent=7800"}],"wp:term":[{"taxonomy":"category","embeddable":true,"href":"https:\/\/dgospel.com.br\/portal\/index.php\/wp-json\/wp\/v2\/categories?post=7800"},{"taxonomy":"post_tag","embeddable":true,"href":"https:\/\/dgospel.com.br\/portal\/index.php\/wp-json\/wp\/v2\/tags?post=7800"}],"curies":[{"name":"wp","href":"https:\/\/api.w.org\/{rel}","templated":true}]}}