{"id":7808,"date":"2021-03-13T12:44:37","date_gmt":"2021-03-13T15:44:37","guid":{"rendered":"http:\/\/dgospel.com.br\/portal\/?p=7808"},"modified":"2021-03-13T12:44:38","modified_gmt":"2021-03-13T15:44:38","slug":"governo-do-to-aumenta-rigor-no-combate-as-aglomeracoes-e-recomenda-ampliacao-do-horario-de-funcionamento-e-restricao-no-acesso-ao-comercio","status":"publish","type":"post","link":"https:\/\/dgospel.com.br\/portal\/index.php\/2021\/03\/13\/governo-do-to-aumenta-rigor-no-combate-as-aglomeracoes-e-recomenda-ampliacao-do-horario-de-funcionamento-e-restricao-no-acesso-ao-comercio\/","title":{"rendered":"Governo do TO aumenta rigor no combate \u00e0s aglomera\u00e7\u00f5es e recomenda amplia\u00e7\u00e3o do hor\u00e1rio de funcionamento e restri\u00e7\u00e3o no acesso ao com\u00e9rcio"},"content":{"rendered":"\n<p>Ampliar os hor\u00e1rios de funcionamento das atividades essenciais, limitar a quantidade de pessoas dentro dos estabelecimentos e toler\u00e2ncia zero para eventos e aglomera\u00e7\u00f5es, com penaliza\u00e7\u00f5es para quem desobedecer. Essas s\u00e3o as principais recomenda\u00e7\u00f5es propostas pelo Governo do Tocantins, para conter o avan\u00e7o da pandemia no Estado.<\/p>\n\n\n\n<p>As medidas foram amplamente discutidas pelo Comit\u00ea de Crise, representantes de entidades empresariais e profissionais de sa\u00fade, e anunciadas em entrevista coletiva \u00e0 imprensa na tarde desta sexta-feira, 12. O Governo do Tocantins publicar\u00e1 as medidas na pr\u00f3xima edi\u00e7\u00e3o do Di\u00e1rio Oficial do Estado, com efeitos v\u00e1lidos a partir de quarta-feira, 17.<\/p>\n\n\n\n<p>De acordo com o secret\u00e1rio-chefe da Casa Civil, Rolf Vidal, com a amplia\u00e7\u00e3o dos hor\u00e1rios de funcionamento das atividades essenciais, os supermercados, padarias e farm\u00e1cias poder\u00e3o operar das 06h \u00e0s 00h, com limita\u00e7\u00e3o da quantidade de pessoas em at\u00e9 50% da capacidade, al\u00e9m de amplia\u00e7\u00e3o da oferta de servi\u00e7os como drive thru, delivery e outras formas de entrega.<\/p>\n\n\n\n<p>Conforme a recomenda\u00e7\u00e3o, n\u00e3o ser\u00e3o tolerados eventos e aglomera\u00e7\u00f5es e haver\u00e1 penaliza\u00e7\u00f5es para quem desobedecer \u00e0s medidas que visam limitar a circula\u00e7\u00e3o de pessoas. Os promotores e organizadores de eventos infratores poder\u00e3o ser conduzidos \u00e0 delegacia e responder ao crime de atentado \u00e0 sa\u00fade p\u00fablica, al\u00e9m de aplica\u00e7\u00e3o de multa.<\/p>\n\n\n\n<p>Ser\u00e1 mantido o decreto de 6 horas nas reparti\u00e7\u00f5es p\u00fablicas estaduais e altera\u00e7\u00f5es no modelo de trabalho, como implanta\u00e7\u00e3o de home office, revezamento e\/ou escalas. Tamb\u00e9m ser\u00e3o suspensas as aulas nas redes p\u00fablica e particular e, para ajudar a conter a propaga\u00e7\u00e3o do coronav\u00edrus, ser\u00e1 realizada a sanitiza\u00e7\u00e3o de \u00e1reas p\u00fablicas, a exemplo de pontos de \u00f4nibus.<\/p>\n\n\n\n<p>Com rela\u00e7\u00e3o \u00e0s atividades n\u00e3o essenciais, o secret\u00e1rio Rolf Vidal explicou que os restaurantes, por exemplo, poder\u00e3o funcionar, em um primeiro momento, entre 11h e 14h e entre 18h e 23h. Tamb\u00e9m ser\u00e1 recomendado o escalonamento por segmento para abertura e fechamento, evitando que todos os empregados tenham que pegar \u00f4nibus ao mesmo tempo.<\/p>\n\n\n\n<p><strong>Mais leitos<\/strong><\/p>\n\n\n\n<p>O secret\u00e1rio de Estado da Sa\u00fade (SES), Edgar Tollini, destacou que essas medidas s\u00e3o necess\u00e1rias para atenuar os impactos da pandemia, nos aspectos de sa\u00fade p\u00fablica e socioecon\u00f4mica, e representam responsabilidade social e apre\u00e7o \u00e0 vida. Ele explicou que as medidas r\u00edgidas de inspe\u00e7\u00e3o e escalonamento, sobretudo com uma fiscaliza\u00e7\u00e3o rigorosa e severa, s\u00e3o necess\u00e1rias neste momento.<\/p>\n\n\n\n<p>O titular da SES informou, ainda, que mais de 22 estados est\u00e3o com a taxa de ocupa\u00e7\u00e3o de leitos acima de 100%, incluindo o Tocantins. O Governo do Estado est\u00e1 empenhado em ampliar a oferta, seja na amplia\u00e7\u00e3o dos leitos, seja em servi\u00e7os hospitalares p\u00fablicos ou mesmo na contrata\u00e7\u00e3o de leitos na \u00e1rea privada.<\/p>\n\n\n\n<p>\u201cNeste momento estamos ampliando em 52 leitos, sendo 22 leitos de estabiliza\u00e7\u00e3o, mas 150 ocupados atualmente, de 250 leitos cl\u00ednicos. Vamos ampliar mais quatro em Dian\u00f3polis, 14 em Para\u00edso do Tocantins, 10 em Gurupi, 20 em Aragua\u00edna, al\u00e9m de nove em Porto Nacional\u201d, ressaltou.<\/p>\n\n\n\n<p>O secret\u00e1rio refor\u00e7ou que tamb\u00e9m foram abertos 10 leitos de UTI junto a institui\u00e7\u00e3o privada em Palmas e em 15 dias o Hospital Geral de Palmas (HGP) vai receber mais 16 leitos. Al\u00e9m disso, em um m\u00eas dever\u00e3o ser implantados mais 10 leitos em Porto Nacional.<\/p>\n\n\n\n<p>\u201cAs dificuldades \u00e9 que leitos de UTI demandam recursos humanos altamente qualificados e especializados, equipamentos, insumos e materiais m\u00e9dicos para que se possa dar continuidade ao tratamento. Mas reitero que n\u00e3o \u00e9 somente abrir leitos que vai se conseguir mitigar essa situa\u00e7\u00e3o de crescimento da pandemia, \u00e9 preciso responsabilidade de todos\u201d, pontuou Edgar Tollini.<\/p>\n\n\n\n<p><strong>Conscientiza\u00e7\u00e3o<\/strong><\/p>\n\n\n\n<p>Para isso, o secret\u00e1rio da Comunica\u00e7\u00e3o, \u00c9lcio Mendes, ressaltou que o Governo ir\u00e1 ampliar ainda mais as campanhas de conscientiza\u00e7\u00e3o e de seguran\u00e7a sanit\u00e1ria. \u201cA partir de agora e, mais do que nunca, as campanhas educativas de combate \u00e0 Covid-19 ir\u00e3o chegar a todos os 139 munic\u00edpios do Tocantins. Vamos usar de todos os meios para que a popula\u00e7\u00e3o seja informada e tomem consci\u00eancia do seu papel no combate \u00e0 pandemia\u201d, finalizou.<\/p>\n\n\n\n<p>Participaram da entrevista os secret\u00e1rios de Estado da Casa Civil, Rolf Vidal; da Sa\u00fade, Edgar Tollini; da Comunica\u00e7\u00e3o, \u00c9lcio Mendes; da Administra\u00e7\u00e3o, Bruno Barreto; da Ind\u00fastria, Com\u00e9rcio e Servi\u00e7os, Tom Lira; da Seguran\u00e7a P\u00fablica, Cristiano Sampaio; da Educa\u00e7\u00e3o, Juventude e Esporte, Adriana Aguiar; o comandante-geral da Pol\u00edcia Militar, coronel Silva Neto; o comandante-geral do Corpo de Bombeiros, coronel Reginaldo Leandro; e o m\u00e9dico infectologista, Rafael Albuquerque.<\/p>\n\n\n\n<p><\/p>\n","protected":false},"excerpt":{"rendered":"<p>Ampliar os hor\u00e1rios de funcionamento das atividades essenciais, limitar a quantidade de pessoas dentro dos estabelecimentos e toler\u00e2ncia zero para eventos e aglomera\u00e7\u00f5es, com penaliza\u00e7\u00f5es para quem desobedecer. Essas s\u00e3o as principais recomenda\u00e7\u00f5es propostas pelo Governo do Tocantins, para conter o avan\u00e7o da pandemia no Estado. As medidas foram amplamente discutidas pelo Comit\u00ea de Crise, [&hellip;]<\/p>\n","protected":false},"author":2,"featured_media":7809,"comment_status":"open","ping_status":"open","sticky":false,"template":"","format":"standard","meta":[],"categories":[3],"tags":[13],"_links":{"self":[{"href":"https:\/\/dgospel.com.br\/portal\/index.php\/wp-json\/wp\/v2\/posts\/7808"}],"collection":[{"href":"https:\/\/dgospel.com.br\/portal\/index.php\/wp-json\/wp\/v2\/posts"}],"about":[{"href":"https:\/\/dgospel.com.br\/portal\/index.php\/wp-json\/wp\/v2\/types\/post"}],"author":[{"embeddable":true,"href":"https:\/\/dgospel.com.br\/portal\/index.php\/wp-json\/wp\/v2\/users\/2"}],"replies":[{"embeddable":true,"href":"https:\/\/dgospel.com.br\/portal\/index.php\/wp-json\/wp\/v2\/comments?post=7808"}],"version-history":[{"count":1,"href":"https:\/\/dgospel.com.br\/portal\/index.php\/wp-json\/wp\/v2\/posts\/7808\/revisions"}],"predecessor-version":[{"id":7810,"href":"https:\/\/dgospel.com.br\/portal\/index.php\/wp-json\/wp\/v2\/posts\/7808\/revisions\/7810"}],"wp:featuredmedia":[{"embeddable":true,"href":"https:\/\/dgospel.com.br\/portal\/index.php\/wp-json\/wp\/v2\/media\/7809"}],"wp:attachment":[{"href":"https:\/\/dgospel.com.br\/portal\/index.php\/wp-json\/wp\/v2\/media?parent=7808"}],"wp:term":[{"taxonomy":"category","embeddable":true,"href":"https:\/\/dgospel.com.br\/portal\/index.php\/wp-json\/wp\/v2\/categories?post=7808"},{"taxonomy":"post_tag","embeddable":true,"href":"https:\/\/dgospel.com.br\/portal\/index.php\/wp-json\/wp\/v2\/tags?post=7808"}],"curies":[{"name":"wp","href":"https:\/\/api.w.org\/{rel}","templated":true}]}}