{"id":7830,"date":"2021-03-15T10:39:55","date_gmt":"2021-03-15T13:39:55","guid":{"rendered":"http:\/\/dgospel.com.br\/portal\/?p=7830"},"modified":"2021-03-15T10:39:58","modified_gmt":"2021-03-15T13:39:58","slug":"omep-reune-lideres-evangelicos-para-clamar-a-deus-em-frente-hospitais-em-palmas","status":"publish","type":"post","link":"https:\/\/dgospel.com.br\/portal\/index.php\/2021\/03\/15\/omep-reune-lideres-evangelicos-para-clamar-a-deus-em-frente-hospitais-em-palmas\/","title":{"rendered":"OMEP re\u00fane l\u00edderes evang\u00e9licos para clamar a Deus em frente hospitais em Palmas"},"content":{"rendered":"\n<p>A Ordem dos Ministros do Evangelho de Palmas -TO (OMEP), mobilizou cerca de 300 l\u00edderes de diversas igrejas evang\u00e9licas de Palmas para levantar um clamar a Deus em frente v\u00e1rios hospitais na capital. O clamor aconteceu neste domingo dia 14 de mar\u00e7o, onde v\u00e1rios l\u00edderes como ap\u00f3stolos (as), bispos (as), mission\u00e1rios (as), pastores (as) se uniram para orar pelos enfermos, pelos profissionais de sa\u00fade que atuam na linha de frente no combate o coronavirus e pelos governantes. <\/p>\n\n\n\n<p><\/p>\n\n\n\n<figure class=\"wp-block-image\"><img loading=\"lazy\" width=\"1024\" height=\"576\" src=\"http:\/\/dgospel.com.br\/portal\/wp-content\/uploads\/2021\/03\/00000-2-1024x576.jpg\" alt=\"\" class=\"wp-image-7832\" srcset=\"https:\/\/dgospel.com.br\/portal\/wp-content\/uploads\/2021\/03\/00000-2-1024x576.jpg 1024w, https:\/\/dgospel.com.br\/portal\/wp-content\/uploads\/2021\/03\/00000-2-300x169.jpg 300w, https:\/\/dgospel.com.br\/portal\/wp-content\/uploads\/2021\/03\/00000-2-768x432.jpg 768w, https:\/\/dgospel.com.br\/portal\/wp-content\/uploads\/2021\/03\/00000-2.jpg 1280w\" sizes=\"(max-width: 1024px) 100vw, 1024px\" \/><\/figure>\n\n\n\n<p>O local\nescolhido foi na frente a UPA Sul, UPA Norte, Hospital Geral de Palmas, Hospital\nSanta Tereza, Hospital Osvaldo Cruz e UNIMED. <\/p>\n\n\n\n<p>Segundo o presidente da OMEP, mission\u00e1rio Carlos Roberto, foi um ato de unidade das igrejas de Palmas que atendeu o pedido neste momento de dor e sofrimento das fam\u00edlias Palmenses. Segundo o presidente as igrejas t\u00eam procurando levar esperan\u00e7a as pessoas atrav\u00e9s da prega\u00e7\u00e3o e ora\u00e7\u00e3o. \u201cCom as igrejas impedidas de realizarem cultos presenciais entendemos que era hora de irmos onde as pessoas est\u00e3o. Temos percebido o quanto as pessoas t\u00eam sofrido por causa do avan\u00e7o da COVID 19 em nossa cidade\u201d, disse.<\/p>\n\n\n\n<p><\/p>\n\n\n\n<figure class=\"wp-block-image\"><img loading=\"lazy\" width=\"1024\" height=\"461\" src=\"http:\/\/dgospel.com.br\/portal\/wp-content\/uploads\/2021\/03\/000000-2-1024x461.jpg\" alt=\"\" class=\"wp-image-7833\" srcset=\"https:\/\/dgospel.com.br\/portal\/wp-content\/uploads\/2021\/03\/000000-2-1024x461.jpg 1024w, https:\/\/dgospel.com.br\/portal\/wp-content\/uploads\/2021\/03\/000000-2-300x135.jpg 300w, https:\/\/dgospel.com.br\/portal\/wp-content\/uploads\/2021\/03\/000000-2-768x346.jpg 768w, https:\/\/dgospel.com.br\/portal\/wp-content\/uploads\/2021\/03\/000000-2.jpg 1280w\" sizes=\"(max-width: 1024px) 100vw, 1024px\" \/><\/figure>\n\n\n\n<p>O presidente tomou como base para o clamor, o segundo livro das cr\u00f4nicas 7.14. \u201cSe o meu povo que se chama pelo meu nome se humilhar e orar e buscar a minha face e se converter de seus maus caminhos, ent\u00e3o eu ouvirei dos c\u00e9us, perdoarei os seus pecados e sararei a sua terra\u201d. <\/p>\n\n\n\n<p><\/p>\n\n\n\n<figure class=\"wp-block-image\"><img loading=\"lazy\" width=\"842\" height=\"1024\" src=\"http:\/\/dgospel.com.br\/portal\/wp-content\/uploads\/2021\/03\/00-1-842x1024.jpg\" alt=\"\" class=\"wp-image-7834\" srcset=\"https:\/\/dgospel.com.br\/portal\/wp-content\/uploads\/2021\/03\/00-1-842x1024.jpg 842w, https:\/\/dgospel.com.br\/portal\/wp-content\/uploads\/2021\/03\/00-1-247x300.jpg 247w, https:\/\/dgospel.com.br\/portal\/wp-content\/uploads\/2021\/03\/00-1-768x934.jpg 768w, https:\/\/dgospel.com.br\/portal\/wp-content\/uploads\/2021\/03\/00-1.jpg 1052w\" sizes=\"(max-width: 842px) 100vw, 842px\" \/><\/figure>\n\n\n\n<p>\u201cHouve\npedido de perd\u00e3o a Deus, confiss\u00e3o dos pecados da na\u00e7\u00e3o, e muito clamor pela\ncura dos enfermos v\u00edtimas da COVID 19. Oramos pelos profissionais da sa\u00fade,\npelos governos, federal, estadual e municipal. Oramos por nossa cidade pedindo\na Deus que interrompa o avan\u00e7o da COVID 19\u201d, explicou o presidente. <\/p>\n\n\n\n<p>O mission\u00e1rio Carlos Roberto, disse ainda que crer no milagre. \u201cSe Deus permitir faremos mais vezes. A igreja precisa cumprir o ide de Jesus e levar esperan\u00e7a para as pessoas que est\u00e3o assustadas em meio a tantas not\u00edcias de morte\u201d. <\/p>\n\n\n\n<p><\/p>\n\n\n\n<figure class=\"wp-block-image\"><img loading=\"lazy\" width=\"771\" height=\"1024\" src=\"http:\/\/dgospel.com.br\/portal\/wp-content\/uploads\/2021\/03\/0-771x1024.jpg\" alt=\"\" class=\"wp-image-7835\" srcset=\"https:\/\/dgospel.com.br\/portal\/wp-content\/uploads\/2021\/03\/0-771x1024.jpg 771w, https:\/\/dgospel.com.br\/portal\/wp-content\/uploads\/2021\/03\/0-226x300.jpg 226w, https:\/\/dgospel.com.br\/portal\/wp-content\/uploads\/2021\/03\/0-768x1020.jpg 768w, https:\/\/dgospel.com.br\/portal\/wp-content\/uploads\/2021\/03\/0.jpg 964w\" sizes=\"(max-width: 771px) 100vw, 771px\" \/><\/figure>\n\n\n\n<p>De acordo\ncom Carlos Roberto, houve salva\u00e7\u00e3o e muita alegria neste momento em que a igreja\nunida realiza algo de extrema import\u00e2ncia. &nbsp;\u201cFoi uma experi\u00eancia maravilhosa, ver dezenas\nde pessoas clamando a Deus pela sa\u00fade e prote\u00e7\u00e3o do pr\u00f3ximo. A OMEP instruiu a\ntodos sobre a import\u00e2ncia de obedecer aos protocolos j\u00e1 publicados\u201d, explicou. <\/p>\n","protected":false},"excerpt":{"rendered":"<p>A Ordem dos Ministros do Evangelho de Palmas -TO (OMEP), mobilizou cerca de 300 l\u00edderes de diversas igrejas evang\u00e9licas de Palmas para levantar um clamar a Deus em frente v\u00e1rios hospitais na capital. O clamor aconteceu neste domingo dia 14 de mar\u00e7o, onde v\u00e1rios l\u00edderes como ap\u00f3stolos (as), bispos (as), mission\u00e1rios (as), pastores (as) se [&hellip;]<\/p>\n","protected":false},"author":2,"featured_media":7831,"comment_status":"open","ping_status":"open","sticky":false,"template":"","format":"standard","meta":[],"categories":[5],"tags":[],"_links":{"self":[{"href":"https:\/\/dgospel.com.br\/portal\/index.php\/wp-json\/wp\/v2\/posts\/7830"}],"collection":[{"href":"https:\/\/dgospel.com.br\/portal\/index.php\/wp-json\/wp\/v2\/posts"}],"about":[{"href":"https:\/\/dgospel.com.br\/portal\/index.php\/wp-json\/wp\/v2\/types\/post"}],"author":[{"embeddable":true,"href":"https:\/\/dgospel.com.br\/portal\/index.php\/wp-json\/wp\/v2\/users\/2"}],"replies":[{"embeddable":true,"href":"https:\/\/dgospel.com.br\/portal\/index.php\/wp-json\/wp\/v2\/comments?post=7830"}],"version-history":[{"count":1,"href":"https:\/\/dgospel.com.br\/portal\/index.php\/wp-json\/wp\/v2\/posts\/7830\/revisions"}],"predecessor-version":[{"id":7836,"href":"https:\/\/dgospel.com.br\/portal\/index.php\/wp-json\/wp\/v2\/posts\/7830\/revisions\/7836"}],"wp:featuredmedia":[{"embeddable":true,"href":"https:\/\/dgospel.com.br\/portal\/index.php\/wp-json\/wp\/v2\/media\/7831"}],"wp:attachment":[{"href":"https:\/\/dgospel.com.br\/portal\/index.php\/wp-json\/wp\/v2\/media?parent=7830"}],"wp:term":[{"taxonomy":"category","embeddable":true,"href":"https:\/\/dgospel.com.br\/portal\/index.php\/wp-json\/wp\/v2\/categories?post=7830"},{"taxonomy":"post_tag","embeddable":true,"href":"https:\/\/dgospel.com.br\/portal\/index.php\/wp-json\/wp\/v2\/tags?post=7830"}],"curies":[{"name":"wp","href":"https:\/\/api.w.org\/{rel}","templated":true}]}}