{"id":7838,"date":"2021-03-15T12:27:46","date_gmt":"2021-03-15T15:27:46","guid":{"rendered":"http:\/\/dgospel.com.br\/portal\/?p=7838"},"modified":"2021-03-15T12:29:21","modified_gmt":"2021-03-15T15:29:21","slug":"tocantins-vigiara-redes-sociais-e-celulares-contra-aglomeracoes","status":"publish","type":"post","link":"https:\/\/dgospel.com.br\/portal\/index.php\/2021\/03\/15\/tocantins-vigiara-redes-sociais-e-celulares-contra-aglomeracoes\/","title":{"rendered":"Governo do Tocantins \u201cvigiar\u00e1\u201d redes sociais e celulares contra aglomera\u00e7\u00f5es"},"content":{"rendered":"\n<p> A exemplo do que j\u00e1 foi feito em S\u00e3o Paulo, o Governo do\u00a0<a rel=\"noreferrer noopener\" href=\"https:\/\/pleno.news\/tag\/tocantins\" target=\"_blank\">Tocantins<\/a>\u00a0determinou que a Secretaria de Seguran\u00e7a P\u00fablica (SSP) do estado fa\u00e7a um monitoramento para evitar aglomera\u00e7\u00f5es utilizando rastreio de aparelhos celulares, redes sociais, aplicativos de transporte ou outro meio que permita o georreferenciamento. <\/p>\n\n\n\n<p> A controversa medida, e diversas outras contra a pandemia de\u00a0<a rel=\"noreferrer noopener\" href=\"https:\/\/pleno.news\/tag\/covid-19\" target=\"_blank\">Covid-19<\/a>, est\u00e3o no Decreto 6.230\/21, publicado na \u00faltima sexta-feira (12). No documento, o governo institui a For\u00e7a-Tarefa \u201cToler\u00e2ncia Zero\u201d, composta por diversos \u00f3rg\u00e3os de seguran\u00e7a que ter\u00e3o o papel de evitar condutas que descumpram o decreto. <\/p>\n\n\n\n<p>O secret\u00e1rio-chefe da Casa Civil de Tocantins, Rolf Vidal, disse que as medidas t\u00eam cunho educativo, mas afirmou que o descumprimento ser\u00e1 punido. As medidas entram em vigor a partir da pr\u00f3xima quarta-feira (17), e valem tanto para eventos em estabelecimentos comerciais como para reuni\u00f5es privadas em resid\u00eancias.<\/p>\n\n\n\n<p>As puni\u00e7\u00f5es para a pessoa f\u00edsica ser\u00e3o advert\u00eancia e multa fixada entre R$ 50 e R$ 2 mil, que ser\u00e1 recolhida em favor do Fundo Estadual de Sa\u00fade. J\u00e1 para pessoas jur\u00eddicas, o valor da multa ser\u00e1 no m\u00ednimo R$ 500, podendo chegar a R$ 20 mil, al\u00e9m de advert\u00eancia, interdi\u00e7\u00e3o parcial ou total do estabelecimento, e at\u00e9 cancelamento do alvar\u00e1 de funcionamento.<\/p>\n","protected":false},"excerpt":{"rendered":"<p>A exemplo do que j\u00e1 foi feito em S\u00e3o Paulo, o Governo do\u00a0Tocantins\u00a0determinou que a Secretaria de Seguran\u00e7a P\u00fablica (SSP) do estado fa\u00e7a um monitoramento para evitar aglomera\u00e7\u00f5es utilizando rastreio de aparelhos celulares, redes sociais, aplicativos de transporte ou outro meio que permita o georreferenciamento. A controversa medida, e diversas outras contra a pandemia de\u00a0Covid-19, [&hellip;]<\/p>\n","protected":false},"author":2,"featured_media":7839,"comment_status":"open","ping_status":"open","sticky":false,"template":"","format":"standard","meta":[],"categories":[4],"tags":[13],"_links":{"self":[{"href":"https:\/\/dgospel.com.br\/portal\/index.php\/wp-json\/wp\/v2\/posts\/7838"}],"collection":[{"href":"https:\/\/dgospel.com.br\/portal\/index.php\/wp-json\/wp\/v2\/posts"}],"about":[{"href":"https:\/\/dgospel.com.br\/portal\/index.php\/wp-json\/wp\/v2\/types\/post"}],"author":[{"embeddable":true,"href":"https:\/\/dgospel.com.br\/portal\/index.php\/wp-json\/wp\/v2\/users\/2"}],"replies":[{"embeddable":true,"href":"https:\/\/dgospel.com.br\/portal\/index.php\/wp-json\/wp\/v2\/comments?post=7838"}],"version-history":[{"count":2,"href":"https:\/\/dgospel.com.br\/portal\/index.php\/wp-json\/wp\/v2\/posts\/7838\/revisions"}],"predecessor-version":[{"id":7841,"href":"https:\/\/dgospel.com.br\/portal\/index.php\/wp-json\/wp\/v2\/posts\/7838\/revisions\/7841"}],"wp:featuredmedia":[{"embeddable":true,"href":"https:\/\/dgospel.com.br\/portal\/index.php\/wp-json\/wp\/v2\/media\/7839"}],"wp:attachment":[{"href":"https:\/\/dgospel.com.br\/portal\/index.php\/wp-json\/wp\/v2\/media?parent=7838"}],"wp:term":[{"taxonomy":"category","embeddable":true,"href":"https:\/\/dgospel.com.br\/portal\/index.php\/wp-json\/wp\/v2\/categories?post=7838"},{"taxonomy":"post_tag","embeddable":true,"href":"https:\/\/dgospel.com.br\/portal\/index.php\/wp-json\/wp\/v2\/tags?post=7838"}],"curies":[{"name":"wp","href":"https:\/\/api.w.org\/{rel}","templated":true}]}}