{"id":7843,"date":"2021-03-15T16:49:23","date_gmt":"2021-03-15T19:49:23","guid":{"rendered":"http:\/\/dgospel.com.br\/portal\/?p=7843"},"modified":"2021-03-15T16:49:25","modified_gmt":"2021-03-15T19:49:25","slug":"kicis-ironiza-a-imprensa-por-nao-cobrir-protestos-anti-lockdown","status":"publish","type":"post","link":"https:\/\/dgospel.com.br\/portal\/index.php\/2021\/03\/15\/kicis-ironiza-a-imprensa-por-nao-cobrir-protestos-anti-lockdown\/","title":{"rendered":"Kicis ironiza a imprensa por n\u00e3o cobrir \u2018protestos anti-lockdown\u2019"},"content":{"rendered":"\n<p>Nesta segunda-feira (15), a deputada federal Bia Kicis (PSL-DF) utilizou as redes sociais para mostrar insatisfa\u00e7\u00e3o com a cobertura jornal\u00edstica das manifesta\u00e7\u00f5es contra o lockdown ocorridas neste domingo (14). Em sua conta do Instagram, ela publicou uma imagem ironizando os jornalistas.<\/p>\n\n\n\n<p>Al\u00e9m das cr\u00edticas ao lockdown, os protestos deste domingo tamb\u00e9m tiveram como alvos governadores, o Supremo Tribunal Federal (STF) e cr\u00edticos do presidente.<\/p>\n\n\n\n<p>\u2013 Onde est\u00e3o os jornalistas, aqueles profissionais que s\u00e3o pagos para informar o povo dos assuntos relevantes? Onde estavam ontem, durante o dia, com concorrid\u00edssimas manifesta\u00e7\u00f5es por todo o pa\u00eds em apoio ao presidente Jair Bolsonaro e em defesa do direito ao trabalho e \u00e0 liberdade? \u2013 questionou.<\/p>\n\n\n\n<figure class=\"wp-block-image\"><img src=\"https:\/\/static.cdn.pleno.news\/2021\/03\/Kissis.png\" alt=\"\" class=\"wp-image-675414\"\/><\/figure>\n","protected":false},"excerpt":{"rendered":"<p>Nesta segunda-feira (15), a deputada federal Bia Kicis (PSL-DF) utilizou as redes sociais para mostrar insatisfa\u00e7\u00e3o com a cobertura jornal\u00edstica das manifesta\u00e7\u00f5es contra o lockdown ocorridas neste domingo (14). Em sua conta do Instagram, ela publicou uma imagem ironizando os jornalistas. Al\u00e9m das cr\u00edticas ao lockdown, os protestos deste domingo tamb\u00e9m tiveram como alvos governadores, [&hellip;]<\/p>\n","protected":false},"author":2,"featured_media":7844,"comment_status":"open","ping_status":"open","sticky":false,"template":"","format":"standard","meta":[],"categories":[4],"tags":[],"_links":{"self":[{"href":"https:\/\/dgospel.com.br\/portal\/index.php\/wp-json\/wp\/v2\/posts\/7843"}],"collection":[{"href":"https:\/\/dgospel.com.br\/portal\/index.php\/wp-json\/wp\/v2\/posts"}],"about":[{"href":"https:\/\/dgospel.com.br\/portal\/index.php\/wp-json\/wp\/v2\/types\/post"}],"author":[{"embeddable":true,"href":"https:\/\/dgospel.com.br\/portal\/index.php\/wp-json\/wp\/v2\/users\/2"}],"replies":[{"embeddable":true,"href":"https:\/\/dgospel.com.br\/portal\/index.php\/wp-json\/wp\/v2\/comments?post=7843"}],"version-history":[{"count":1,"href":"https:\/\/dgospel.com.br\/portal\/index.php\/wp-json\/wp\/v2\/posts\/7843\/revisions"}],"predecessor-version":[{"id":7845,"href":"https:\/\/dgospel.com.br\/portal\/index.php\/wp-json\/wp\/v2\/posts\/7843\/revisions\/7845"}],"wp:featuredmedia":[{"embeddable":true,"href":"https:\/\/dgospel.com.br\/portal\/index.php\/wp-json\/wp\/v2\/media\/7844"}],"wp:attachment":[{"href":"https:\/\/dgospel.com.br\/portal\/index.php\/wp-json\/wp\/v2\/media?parent=7843"}],"wp:term":[{"taxonomy":"category","embeddable":true,"href":"https:\/\/dgospel.com.br\/portal\/index.php\/wp-json\/wp\/v2\/categories?post=7843"},{"taxonomy":"post_tag","embeddable":true,"href":"https:\/\/dgospel.com.br\/portal\/index.php\/wp-json\/wp\/v2\/tags?post=7843"}],"curies":[{"name":"wp","href":"https:\/\/api.w.org\/{rel}","templated":true}]}}