{"id":7846,"date":"2021-03-15T17:02:30","date_gmt":"2021-03-15T20:02:30","guid":{"rendered":"http:\/\/dgospel.com.br\/portal\/?p=7846"},"modified":"2021-03-15T17:02:32","modified_gmt":"2021-03-15T20:02:32","slug":"coppolla-cria-abaixo-assinado-por-impeachment-de-moraes","status":"publish","type":"post","link":"https:\/\/dgospel.com.br\/portal\/index.php\/2021\/03\/15\/coppolla-cria-abaixo-assinado-por-impeachment-de-moraes\/","title":{"rendered":"Coppolla cria abaixo-assinado por impeachment de Moraes"},"content":{"rendered":"\n<p>O comentarista pol\u00edtico&nbsp;<a href=\"https:\/\/pleno.news\/tag\/caio-coppolla\" target=\"_blank\" rel=\"noreferrer noopener\">Caio Coppolla<\/a>&nbsp;criou, nesta segunda-feira (15), um abaixo-assinado virtual para pressionar o presidente do Senado, Rodrigo Pacheco (DEM-MG), a pautar o impeachment do ministro&nbsp;<a href=\"https:\/\/pleno.news\/tag\/alexandre-de-moraes\" target=\"_blank\" rel=\"noreferrer noopener\">Alexandre de Moraes<\/a>, do Supremo Tribunal Federal (STF). At\u00e9 14h30 desta segunda, a peti\u00e7\u00e3o contava com quase 600 mil assinaturas e j\u00e1 havia ultrapassado a meta inicial.<\/p>\n\n\n\n<p>Na a\u00e7\u00e3o, o comentarista pede a instaura\u00e7\u00e3o da chamada \u201cCPI da Lava Toga\u201d e solicita que o Senado analise \u201crobusta den\u00fancia por crimes de responsabilidade praticados por esse Ministro do STF, protocolada pelo Senador Jorge Kajuru\u201d. Com menos de 12 horas ap\u00f3s ser criada, a a\u00e7\u00e3o ultrapassou a meta de 500 mil assinaturas estabelecida por Coppolla, e agora o alvo \u00e9 1 milh\u00e3o de aceita\u00e7\u00f5es.<\/p>\n\n\n\n<p>\u2013 Assim, reiterando nosso apre\u00e7o pelas institui\u00e7\u00f5es republicanas, submetemos o presente abaixo-assinado e seus respectivos pleitos \u00e0 elevada aprecia\u00e7\u00e3o do Presidente do Senado Federal, Rodrigo Pacheco, na certeza de que ele \u2013 na qualidade de representante m\u00e1ximo do Congresso Nacional \u2013 n\u00e3o virar\u00e1 as costas \u00e0s centenas de milhares de brasileiros \u2013 diz o texto da peti\u00e7\u00e3o.<\/p>\n\n\n\n<p>O analista ainda publicou um v\u00eddeo, em suas redes sociais, pedindo para que seus seguidores assinem a peti\u00e7\u00e3o e compartilhem o conte\u00fado. Na grava\u00e7\u00e3o, Coppolla faz um resumo sobre a atua\u00e7\u00e3o de Moraes na Suprema Corte e lembra da ocasi\u00e3o em que o ministro foi chamado de \u201cxerife\u201d pelo colega Marco Aur\u00e9lio Mello.<\/p>\n\n\n\n<p>\u2013 Ele [Moraes] censurou mat\u00e9rias da imprensa, ele suspendeu contas em redes sociais, ele investigou opositores pol\u00edticos e at\u00e9 prendeu alguns de seus cr\u00edticos \u2013 lembrou o comentarista, que tamb\u00e9m comentou que o inqu\u00e9rito das fake news completou, no domingo (14), dois anos, conduzido, de acordo com Coppolla, de forma \u201cmuito autorit\u00e1ria\u201d por Moraes.<\/p>\n\n\n\n<figure class=\"wp-block-embed-twitter wp-block-embed is-type-rich is-provider-twitter\"><div class=\"wp-block-embed__wrapper\">\n<blockquote class=\"twitter-tweet\" data-width=\"550\" data-dnt=\"true\"><p lang=\"pt\" dir=\"ltr\">URGENTE: abaixo-assinado peticiona q <a href=\"https:\/\/twitter.com\/rpsenador?ref_src=twsrc%5Etfw\">@rpsenador<\/a> aceite a den\u00fancia contra ALEXANDRE DE MORAES e encaminhe IMPEACHMENT protocolado por <a href=\"https:\/\/twitter.com\/SenadorKajuru?ref_src=twsrc%5Etfw\">@senadorkajuru<\/a> . COMISS\u00c3O ESPECIAL n\u00e3o deve ter Senadores r\u00e9us no STF. Doc atingiu 300MIL ASSINATURAS em 3hs: <a href=\"https:\/\/t.co\/5rEiXIfX96\">https:\/\/t.co\/5rEiXIfX96<\/a><a href=\"https:\/\/twitter.com\/hashtag\/artigo52?src=hash&amp;ref_src=twsrc%5Etfw\">#artigo52<\/a> <a href=\"https:\/\/t.co\/EsXoPdqhSh\">pic.twitter.com\/EsXoPdqhSh<\/a><\/p>&mdash; Caio Coppolla (@BoletimCoppolla) <a href=\"https:\/\/twitter.com\/BoletimCoppolla\/status\/1371489593367887872?ref_src=twsrc%5Etfw\">March 15, 2021<\/a><\/blockquote><script async src=\"https:\/\/platform.twitter.com\/widgets.js\" charset=\"utf-8\"><\/script>\n<\/div><\/figure>\n\n\n\n<p>\n\nPara os interessados em assinar a peti\u00e7\u00e3o criada por Caio Coppolla, \u00e9 s\u00f3 clicar&nbsp;<a href=\"https:\/\/www.change.org\/p\/stf-pela-an%C3%A1lise-do-pedido-de-impeachment-contra-o-ministro-alexandre-de-moraes-do-stf\" target=\"_blank\" rel=\"noreferrer noopener\">neste link<\/a>&nbsp;e informar alguns dados como nome, sobrenome e endere\u00e7o de e-mail.\n\n<\/p>\n\n\n","protected":false},"excerpt":{"rendered":"<p>O comentarista pol\u00edtico&nbsp;Caio Coppolla&nbsp;criou, nesta segunda-feira (15), um abaixo-assinado virtual para pressionar o presidente do Senado, Rodrigo Pacheco (DEM-MG), a pautar o impeachment do ministro&nbsp;Alexandre de Moraes, do Supremo Tribunal Federal (STF). At\u00e9 14h30 desta segunda, a peti\u00e7\u00e3o contava com quase 600 mil assinaturas e j\u00e1 havia ultrapassado a meta inicial. Na a\u00e7\u00e3o, o comentarista [&hellip;]<\/p>\n","protected":false},"author":2,"featured_media":7847,"comment_status":"open","ping_status":"open","sticky":false,"template":"","format":"standard","meta":[],"categories":[4],"tags":[13],"_links":{"self":[{"href":"https:\/\/dgospel.com.br\/portal\/index.php\/wp-json\/wp\/v2\/posts\/7846"}],"collection":[{"href":"https:\/\/dgospel.com.br\/portal\/index.php\/wp-json\/wp\/v2\/posts"}],"about":[{"href":"https:\/\/dgospel.com.br\/portal\/index.php\/wp-json\/wp\/v2\/types\/post"}],"author":[{"embeddable":true,"href":"https:\/\/dgospel.com.br\/portal\/index.php\/wp-json\/wp\/v2\/users\/2"}],"replies":[{"embeddable":true,"href":"https:\/\/dgospel.com.br\/portal\/index.php\/wp-json\/wp\/v2\/comments?post=7846"}],"version-history":[{"count":1,"href":"https:\/\/dgospel.com.br\/portal\/index.php\/wp-json\/wp\/v2\/posts\/7846\/revisions"}],"predecessor-version":[{"id":7848,"href":"https:\/\/dgospel.com.br\/portal\/index.php\/wp-json\/wp\/v2\/posts\/7846\/revisions\/7848"}],"wp:featuredmedia":[{"embeddable":true,"href":"https:\/\/dgospel.com.br\/portal\/index.php\/wp-json\/wp\/v2\/media\/7847"}],"wp:attachment":[{"href":"https:\/\/dgospel.com.br\/portal\/index.php\/wp-json\/wp\/v2\/media?parent=7846"}],"wp:term":[{"taxonomy":"category","embeddable":true,"href":"https:\/\/dgospel.com.br\/portal\/index.php\/wp-json\/wp\/v2\/categories?post=7846"},{"taxonomy":"post_tag","embeddable":true,"href":"https:\/\/dgospel.com.br\/portal\/index.php\/wp-json\/wp\/v2\/tags?post=7846"}],"curies":[{"name":"wp","href":"https:\/\/api.w.org\/{rel}","templated":true}]}}