{"id":785,"date":"2018-07-18T23:28:27","date_gmt":"2018-07-19T02:28:27","guid":{"rendered":"http:\/\/dgospel.com.br\/portal\/?p=785"},"modified":"2018-07-18T23:28:27","modified_gmt":"2018-07-19T02:28:27","slug":"executiva-do-psb-esta-de-portas-abertas-para-novas-composicoes-partidarias-para-as-eleicoes-de-outubro","status":"publish","type":"post","link":"https:\/\/dgospel.com.br\/portal\/index.php\/2018\/07\/18\/executiva-do-psb-esta-de-portas-abertas-para-novas-composicoes-partidarias-para-as-eleicoes-de-outubro\/","title":{"rendered":"Executiva do PSB est\u00e1 de portas abertas para novas composi\u00e7\u00f5es partid\u00e1rias para as elei\u00e7\u00f5es de outubro"},"content":{"rendered":"<p>Reunidos na manh\u00e3 desta quarta-feira, dia 18, em Palmas, membros da Executiva estadual do PSB no Tocantins definiram que est\u00e3o abertas as portas para novas composi\u00e7\u00f5es partid\u00e1rias para as elei\u00e7\u00f5es de outubro e que a siglas que caminharam juntas na elei\u00e7\u00e3o suplementar (PT, PcdoB, Podemos e PTB) s\u00e3o priorit\u00e1rias para o projeto da candidatura do ex-prefeito de Palmas, Carlos Amastha, ao Pal\u00e1cio Araguaia.<\/p>\n<p>\u201cOs companheiros que estiveram e est\u00e3o conosco s\u00e3o valorosos. Queremos e iremos adicionar ao grupo novos companheiros, com ideais e projetos voltados \u00e0 recupera\u00e7\u00e3o e praticamente reconstru\u00e7\u00e3o do Tocantins, o que \u00e9 uma necessidade urgente do Estado e imprescind\u00edvel para os tocantinenses\u201d, afirmou Amastha, presidente regional do PSB.<\/p>\n<p>As articula\u00e7\u00f5es e discuss\u00f5es com outros partidos e dirigentes est\u00e3o sendo intensificadas e as defini\u00e7\u00f5es v\u00e3o ocorrer nos pr\u00f3ximos dias. \u201cOs novos companheiros vir\u00e3o com a ideia da manuten\u00e7\u00e3o da ess\u00eancia do projeto. Disso n\u00e3o abrimos m\u00e3o porque queremos debater a\u00e7\u00f5es para devolver ao Tocantins a seguran\u00e7a jur\u00eddica, credibilidade perante ao pa\u00eds, aos investidores, propiciar o atendimento digno do Estado aos cidad\u00e3os e implementar iniciativas que transformem as potencialidades em melhoria na vida das pessoas\u201d, complementou.<\/p>\n<p>Houve a confirma\u00e7\u00e3o tamb\u00e9m das pr\u00e9-candidaturas de Alan Barbiero ao Senado, do vereador Tiago Andrino a deputado federal, de Ricardo Ayres na busca pela reelei\u00e7\u00e3o na Assembleia Legislativa, entre outros nomes. Tamb\u00e9m houve direcionamento na reuni\u00e3o da defini\u00e7\u00e3o da coordena\u00e7\u00e3o da campanha de Amastha, que ficar\u00e1 a cargo de Cristian Zini e dos ex-prefeitos J\u00fanior Bandeira, de Lajeado, e Juc\u00e9lio Lustosa, de Lagoa do Tocantins.<\/p>\n<p><strong>NACIONAL<\/strong><\/p>\n<p>Os membros da Executiva tamb\u00e9m discutiram cen\u00e1rio pol\u00edtico nacional. O vereador Tiago Andrino compartilhou as delibera\u00e7\u00f5es do PSB que reuniu dirigentes nacionais recentemente em Bras\u00edlia. Andino representou Amastha no encontro que sinalizou a constru\u00e7\u00e3o de uma poss\u00edvel alian\u00e7a com o candidato \u00e0 Presid\u00eancia Ciro Gomes. Na mesma reuni\u00e3o foi refor\u00e7ado o apoio da dire\u00e7\u00e3o nacional do PSB a candidaturas ao governo em 11 estados brasileiros, entre eles o Tocantins com Carlos Amastha.<\/p>\n<p>&nbsp;<\/p>\n<p>&nbsp;<\/p>\n","protected":false},"excerpt":{"rendered":"<p>Reunidos na manh\u00e3 desta quarta-feira, dia 18, em Palmas, membros da Executiva estadual do PSB no Tocantins definiram que est\u00e3o abertas as portas para novas composi\u00e7\u00f5es partid\u00e1rias para as elei\u00e7\u00f5es de outubro e que a siglas que caminharam juntas na elei\u00e7\u00e3o suplementar (PT, PcdoB, Podemos e PTB) s\u00e3o priorit\u00e1rias para o projeto da candidatura do [&hellip;]<\/p>\n","protected":false},"author":2,"featured_media":786,"comment_status":"open","ping_status":"open","sticky":false,"template":"","format":"standard","meta":[],"categories":[2,4],"tags":[],"_links":{"self":[{"href":"https:\/\/dgospel.com.br\/portal\/index.php\/wp-json\/wp\/v2\/posts\/785"}],"collection":[{"href":"https:\/\/dgospel.com.br\/portal\/index.php\/wp-json\/wp\/v2\/posts"}],"about":[{"href":"https:\/\/dgospel.com.br\/portal\/index.php\/wp-json\/wp\/v2\/types\/post"}],"author":[{"embeddable":true,"href":"https:\/\/dgospel.com.br\/portal\/index.php\/wp-json\/wp\/v2\/users\/2"}],"replies":[{"embeddable":true,"href":"https:\/\/dgospel.com.br\/portal\/index.php\/wp-json\/wp\/v2\/comments?post=785"}],"version-history":[{"count":1,"href":"https:\/\/dgospel.com.br\/portal\/index.php\/wp-json\/wp\/v2\/posts\/785\/revisions"}],"predecessor-version":[{"id":787,"href":"https:\/\/dgospel.com.br\/portal\/index.php\/wp-json\/wp\/v2\/posts\/785\/revisions\/787"}],"wp:featuredmedia":[{"embeddable":true,"href":"https:\/\/dgospel.com.br\/portal\/index.php\/wp-json\/wp\/v2\/media\/786"}],"wp:attachment":[{"href":"https:\/\/dgospel.com.br\/portal\/index.php\/wp-json\/wp\/v2\/media?parent=785"}],"wp:term":[{"taxonomy":"category","embeddable":true,"href":"https:\/\/dgospel.com.br\/portal\/index.php\/wp-json\/wp\/v2\/categories?post=785"},{"taxonomy":"post_tag","embeddable":true,"href":"https:\/\/dgospel.com.br\/portal\/index.php\/wp-json\/wp\/v2\/tags?post=785"}],"curies":[{"name":"wp","href":"https:\/\/api.w.org\/{rel}","templated":true}]}}