{"id":7852,"date":"2021-03-15T23:40:04","date_gmt":"2021-03-16T02:40:04","guid":{"rendered":"http:\/\/dgospel.com.br\/portal\/?p=7852"},"modified":"2021-03-15T23:40:06","modified_gmt":"2021-03-16T02:40:06","slug":"bancada-evangelica-sai-em-apoio-a-reeleicao-de-jair-bolsonaro","status":"publish","type":"post","link":"https:\/\/dgospel.com.br\/portal\/index.php\/2021\/03\/15\/bancada-evangelica-sai-em-apoio-a-reeleicao-de-jair-bolsonaro\/","title":{"rendered":"Bancada Evang\u00e9lica sai em apoio \u00e0 reelei\u00e7\u00e3o de Jair Bolsonaro"},"content":{"rendered":"\n<p>O presidente da Frente Parlamentar Evang\u00e9lica, deputado federal Cezinha da Madureira, declarou apoio da bancada ao presidente Jair Bolsonaro. Em entrevista ao Antagonista, o deputado declarou:<\/p>\n\n\n\n<p>\u2013 O presidente Bolsonaro hoje tem o nosso apoio. A igreja tem orado pelo presidente e tudo o que pudermos fazer para apoi\u00e1-lo em suas decis\u00f5es, n\u00f3s iremos fazer. O Brasil vai melhorar \u2013 disse Cezinha.<\/p>\n\n\n\n<p>O pastor da Assembleia de Deus, disse que nunca houve, no Brasil, um governo que \u201ccome\u00e7a e termina o dia falando em Deus\u201d e ainda que \u201c\u00c9 um pouco dif\u00edcil falar qualquer coisa contra esse governo.\u201d Ele tamb\u00e9m comentou a poss\u00edvel candidatura de Lula para as elei\u00e7\u00f5es de 2022.<\/p>\n\n\n\n<p>\u2013 O Lula j\u00e1 come\u00e7ou declarando que \u00e9 contra evang\u00e9lico, que \u00e9 contra a igreja \u2013 respondeu, se referindo ao discurso de Lula, onde mencionou que \u201co papel das igrejas \u00e9 orientar as pessoas, n\u00e3o \u00e9 vender gr\u00e3o de feij\u00e3o ou fazer culto cheio de gente sem m\u00e1scara\u201c.<\/p>\n\n\n\n<p>Perguntado acerca da opini\u00e3o dos evang\u00e9licos ser un\u00e2nime, ele afirmou que unanimidade n\u00e3o houve nem com Jesus.<\/p>\n\n\n\n<p>\u2013 Nem Jesus teve unanimidade. N\u00e3o seria o Bolsonaro que teria. Se algu\u00e9m tiver unanimidade hoje, est\u00e1 meio errado isso a\u00ed \u2013 encerrou.<\/p>\n","protected":false},"excerpt":{"rendered":"<p>O presidente da Frente Parlamentar Evang\u00e9lica, deputado federal Cezinha da Madureira, declarou apoio da bancada ao presidente Jair Bolsonaro. Em entrevista ao Antagonista, o deputado declarou: \u2013 O presidente Bolsonaro hoje tem o nosso apoio. A igreja tem orado pelo presidente e tudo o que pudermos fazer para apoi\u00e1-lo em suas decis\u00f5es, n\u00f3s iremos fazer. [&hellip;]<\/p>\n","protected":false},"author":2,"featured_media":7853,"comment_status":"open","ping_status":"open","sticky":false,"template":"","format":"standard","meta":[],"categories":[5,4],"tags":[13,14],"_links":{"self":[{"href":"https:\/\/dgospel.com.br\/portal\/index.php\/wp-json\/wp\/v2\/posts\/7852"}],"collection":[{"href":"https:\/\/dgospel.com.br\/portal\/index.php\/wp-json\/wp\/v2\/posts"}],"about":[{"href":"https:\/\/dgospel.com.br\/portal\/index.php\/wp-json\/wp\/v2\/types\/post"}],"author":[{"embeddable":true,"href":"https:\/\/dgospel.com.br\/portal\/index.php\/wp-json\/wp\/v2\/users\/2"}],"replies":[{"embeddable":true,"href":"https:\/\/dgospel.com.br\/portal\/index.php\/wp-json\/wp\/v2\/comments?post=7852"}],"version-history":[{"count":1,"href":"https:\/\/dgospel.com.br\/portal\/index.php\/wp-json\/wp\/v2\/posts\/7852\/revisions"}],"predecessor-version":[{"id":7854,"href":"https:\/\/dgospel.com.br\/portal\/index.php\/wp-json\/wp\/v2\/posts\/7852\/revisions\/7854"}],"wp:featuredmedia":[{"embeddable":true,"href":"https:\/\/dgospel.com.br\/portal\/index.php\/wp-json\/wp\/v2\/media\/7853"}],"wp:attachment":[{"href":"https:\/\/dgospel.com.br\/portal\/index.php\/wp-json\/wp\/v2\/media?parent=7852"}],"wp:term":[{"taxonomy":"category","embeddable":true,"href":"https:\/\/dgospel.com.br\/portal\/index.php\/wp-json\/wp\/v2\/categories?post=7852"},{"taxonomy":"post_tag","embeddable":true,"href":"https:\/\/dgospel.com.br\/portal\/index.php\/wp-json\/wp\/v2\/tags?post=7852"}],"curies":[{"name":"wp","href":"https:\/\/api.w.org\/{rel}","templated":true}]}}