{"id":7858,"date":"2021-03-15T23:58:24","date_gmt":"2021-03-16T02:58:24","guid":{"rendered":"http:\/\/dgospel.com.br\/portal\/?p=7858"},"modified":"2021-03-15T23:58:26","modified_gmt":"2021-03-16T02:58:26","slug":"fiscalizacao-contra-aglomeracao-fecha-festas-privadas-e-aplica-autos-de-infracao","status":"publish","type":"post","link":"https:\/\/dgospel.com.br\/portal\/index.php\/2021\/03\/15\/fiscalizacao-contra-aglomeracao-fecha-festas-privadas-e-aplica-autos-de-infracao\/","title":{"rendered":"Fiscaliza\u00e7\u00e3o contra aglomera\u00e7\u00e3o fecha festas privadas e aplica autos de infra\u00e7\u00e3o"},"content":{"rendered":"\n<p>No \u00faltimo final de semana quatro festas clandestinas privadas foram fechadas durante as a\u00e7\u00f5es integradas das for\u00e7as de seguran\u00e7a para fiscalizar o cumprimento das normativas do&nbsp;<a rel=\"noreferrer noopener\" target=\"_blank\" href=\"https:\/\/legislativo.palmas.to.gov.br\/media\/leis\/decreto-2003-2021-03-03-5-3-2021-13-16-14.pdf\">Decreto N\u00ba 2.003<\/a>, que estabeleceu as medidas mais restritivas a serem seguidas pelos estabelecimentos comerciais e os servi\u00e7os n\u00e3o essenciais para conter o avan\u00e7o do novo coronav\u00edrus (Covid-19). Os fiscais aplicaram sete notifica\u00e7\u00f5es e dois autos de infra\u00e7\u00f5es, fizeram tamb\u00e9m diversas abordagens orientativas.<\/p>\n\n\n\n<p>Desde 6 de mar\u00e7o, quando entrou em vigor o Decreto, as for\u00e7as de seguran\u00e7a est\u00e3o trabalhando com a\u00e7\u00f5es diurnas e noturnas em pontos estrat\u00e9gicos de Palmas e atendendo den\u00fancias de irregularidades.<\/p>\n\n\n\n<p>Os fiscais est\u00e3o recebendo grande n\u00famero de den\u00fancias de festas em resid\u00eancias, como as registradas na noite de domingo, 14, em uma casa na Orla 14, nas imedia\u00e7\u00f5es da Praia da Graciosa e na quadra Arse 72 (706 Sul). Na ocasi\u00e3o, as duas festas foram encerradas. O respons\u00e1vel pela aglomera\u00e7\u00e3o na Orla 14 foi conduzido \u00e0 delegacia e responder\u00e1 por desobedi\u00eancia \u00e0s medidas de restri\u00e7\u00e3o.<\/p>\n\n\n\n<p>&#8220;Nossas equipes est\u00e3o nas ruas todos os dias em a\u00e7\u00e3o conjunta com as demais for\u00e7as de seguran\u00e7a. Nos \u00faltimos dias estamos recebendo diversas den\u00fancias via o Sistema Integrado de Opera\u00e7\u00f5es (Siop), mas \u00e9 necess\u00e1rio que o denunciante, que tem a sua identidade preservada, repasse as informa\u00e7\u00f5es com o endere\u00e7o completo para que as equipes possam fazer o atendimento da ocorr\u00eancia e aplicar as decis\u00f5es cab\u00edveis&#8221;, lembrou o diretor de Fiscaliza\u00e7\u00e3o da Secretaria de Desenvolvimento Urbano e Servi\u00e7os Regionais (Sedusr), Emerson Parente.<\/p>\n\n\n\n<p>Durante as a\u00e7\u00f5es, os respons\u00e1veis pelos estabelecimentos ou por promoverem aglomera\u00e7\u00e3o, sejam elas em via p\u00fablica ou em espa\u00e7os privados, recebem notifica\u00e7\u00e3o com as orienta\u00e7\u00f5es necess\u00e1rias preventivas das medidas que devem ser seguidas. As pessoas flagradas descumprindo as determina\u00e7\u00f5es vigentes responder\u00e3o civil e criminalmente pelos atos.<\/p>\n\n\n\n<p>A\u00e7\u00e3o conjunta<\/p>\n\n\n\n<p>A programa\u00e7\u00e3o da a\u00e7\u00e3o integrada \u00e9 comandada pelas equipes da Diretoria de Fiscaliza\u00e7\u00e3o da Secretaria de Desenvolvimento e Servi\u00e7os Regionais (Sedusr) e pela Vigil\u00e2ncia Sanit\u00e1ria (Visa), com o apoio dos agentes de Tr\u00e2nsito e Transporte, da Guarda Metropolitana de Palmas (GMP) e Pol\u00edcia Militar (PM).<\/p>\n","protected":false},"excerpt":{"rendered":"<p>No \u00faltimo final de semana quatro festas clandestinas privadas foram fechadas durante as a\u00e7\u00f5es integradas das for\u00e7as de seguran\u00e7a para fiscalizar o cumprimento das normativas do&nbsp;Decreto N\u00ba 2.003, que estabeleceu as medidas mais restritivas a serem seguidas pelos estabelecimentos comerciais e os servi\u00e7os n\u00e3o essenciais para conter o avan\u00e7o do novo coronav\u00edrus (Covid-19). Os fiscais [&hellip;]<\/p>\n","protected":false},"author":2,"featured_media":7859,"comment_status":"open","ping_status":"open","sticky":false,"template":"","format":"standard","meta":[],"categories":[3],"tags":[],"_links":{"self":[{"href":"https:\/\/dgospel.com.br\/portal\/index.php\/wp-json\/wp\/v2\/posts\/7858"}],"collection":[{"href":"https:\/\/dgospel.com.br\/portal\/index.php\/wp-json\/wp\/v2\/posts"}],"about":[{"href":"https:\/\/dgospel.com.br\/portal\/index.php\/wp-json\/wp\/v2\/types\/post"}],"author":[{"embeddable":true,"href":"https:\/\/dgospel.com.br\/portal\/index.php\/wp-json\/wp\/v2\/users\/2"}],"replies":[{"embeddable":true,"href":"https:\/\/dgospel.com.br\/portal\/index.php\/wp-json\/wp\/v2\/comments?post=7858"}],"version-history":[{"count":1,"href":"https:\/\/dgospel.com.br\/portal\/index.php\/wp-json\/wp\/v2\/posts\/7858\/revisions"}],"predecessor-version":[{"id":7860,"href":"https:\/\/dgospel.com.br\/portal\/index.php\/wp-json\/wp\/v2\/posts\/7858\/revisions\/7860"}],"wp:featuredmedia":[{"embeddable":true,"href":"https:\/\/dgospel.com.br\/portal\/index.php\/wp-json\/wp\/v2\/media\/7859"}],"wp:attachment":[{"href":"https:\/\/dgospel.com.br\/portal\/index.php\/wp-json\/wp\/v2\/media?parent=7858"}],"wp:term":[{"taxonomy":"category","embeddable":true,"href":"https:\/\/dgospel.com.br\/portal\/index.php\/wp-json\/wp\/v2\/categories?post=7858"},{"taxonomy":"post_tag","embeddable":true,"href":"https:\/\/dgospel.com.br\/portal\/index.php\/wp-json\/wp\/v2\/tags?post=7858"}],"curies":[{"name":"wp","href":"https:\/\/api.w.org\/{rel}","templated":true}]}}