{"id":7861,"date":"2021-03-16T10:06:44","date_gmt":"2021-03-16T13:06:44","guid":{"rendered":"http:\/\/dgospel.com.br\/portal\/?p=7861"},"modified":"2021-03-16T10:06:48","modified_gmt":"2021-03-16T13:06:48","slug":"cantora-gospel-charleis-lanca-cancao-entao-cante-nas-plataformas-digitais","status":"publish","type":"post","link":"https:\/\/dgospel.com.br\/portal\/index.php\/2021\/03\/16\/cantora-gospel-charleis-lanca-cancao-entao-cante-nas-plataformas-digitais\/","title":{"rendered":"Cantora gospel Charleis lan\u00e7a can\u00e7\u00e3o &#8220;Ent\u00e3o Cante&#8221; nas plataformas digitais"},"content":{"rendered":"\n<p>Natural de Amarante do Maranh\u00e3o e rec\u00e9m-chegada em Palmas \u2013\nTO, a cantora pentecostal Charleis, de 33 anos, lan\u00e7ou recentemente a can\u00e7\u00e3o\n\u201cEnt\u00e3o Cante\u201d, m\u00fasica do compositor goiano Pedro Rog\u00e9rio e produzida pelo\nprodutor musical Odeone Rocha&nbsp; da ORMS de\nGoi\u00e2nia. A can\u00e7\u00e3o est\u00e1 dispon\u00edvel nas redes sociais da cantora: Charleis\noficial no YouTube, Instagram e Palco MP3. <\/p>\n\n\n\n<p>\u201cUma promessa de Deus se cumpriu. H\u00e1 tempos venho buscando\nessa realiza\u00e7\u00e3o. Estou muito feliz, apesar do momento em que estamos\nvivendo\u201d&nbsp; comentou Charleis. <\/p>\n\n\n\n<p>Em Palmas, a cantora congrega na Assembleia de Deus \u00c1gua\nViva, presidida pelo Pastor Roodvan Sales e Pastora Diva Sales&nbsp; na 403 norte.&nbsp;\n<\/p>\n\n\n\n<p>A cantora nos revelou tamb\u00e9m que em breve ser\u00e1 produzido um\nv\u00eddeo clipe da can\u00e7\u00e3o e o cen\u00e1rio escolhido foi o Morro do Segredo, em Lajeado\n\u2013 TO. \u201cTamb\u00e9m vou gravar uma participa\u00e7\u00e3o no programa Edelson Moura, na Tv em\nBras\u00edlia. Edelson Moura al\u00e9m de um grande compositor, \u00e9 radialista e\napresentador de TV. Atrav\u00e9s dele, essa m\u00fasica vai chegar muito longe\u201d, frisa a\ncantora.<\/p>\n","protected":false},"excerpt":{"rendered":"<p>Natural de Amarante do Maranh\u00e3o e rec\u00e9m-chegada em Palmas \u2013 TO, a cantora pentecostal Charleis, de 33 anos, lan\u00e7ou recentemente a can\u00e7\u00e3o \u201cEnt\u00e3o Cante\u201d, m\u00fasica do compositor goiano Pedro Rog\u00e9rio e produzida pelo produtor musical Odeone Rocha&nbsp; da ORMS de Goi\u00e2nia. A can\u00e7\u00e3o est\u00e1 dispon\u00edvel nas redes sociais da cantora: Charleis oficial no YouTube, Instagram [&hellip;]<\/p>\n","protected":false},"author":2,"featured_media":7862,"comment_status":"open","ping_status":"open","sticky":false,"template":"","format":"standard","meta":[],"categories":[17,5],"tags":[],"_links":{"self":[{"href":"https:\/\/dgospel.com.br\/portal\/index.php\/wp-json\/wp\/v2\/posts\/7861"}],"collection":[{"href":"https:\/\/dgospel.com.br\/portal\/index.php\/wp-json\/wp\/v2\/posts"}],"about":[{"href":"https:\/\/dgospel.com.br\/portal\/index.php\/wp-json\/wp\/v2\/types\/post"}],"author":[{"embeddable":true,"href":"https:\/\/dgospel.com.br\/portal\/index.php\/wp-json\/wp\/v2\/users\/2"}],"replies":[{"embeddable":true,"href":"https:\/\/dgospel.com.br\/portal\/index.php\/wp-json\/wp\/v2\/comments?post=7861"}],"version-history":[{"count":1,"href":"https:\/\/dgospel.com.br\/portal\/index.php\/wp-json\/wp\/v2\/posts\/7861\/revisions"}],"predecessor-version":[{"id":7863,"href":"https:\/\/dgospel.com.br\/portal\/index.php\/wp-json\/wp\/v2\/posts\/7861\/revisions\/7863"}],"wp:featuredmedia":[{"embeddable":true,"href":"https:\/\/dgospel.com.br\/portal\/index.php\/wp-json\/wp\/v2\/media\/7862"}],"wp:attachment":[{"href":"https:\/\/dgospel.com.br\/portal\/index.php\/wp-json\/wp\/v2\/media?parent=7861"}],"wp:term":[{"taxonomy":"category","embeddable":true,"href":"https:\/\/dgospel.com.br\/portal\/index.php\/wp-json\/wp\/v2\/categories?post=7861"},{"taxonomy":"post_tag","embeddable":true,"href":"https:\/\/dgospel.com.br\/portal\/index.php\/wp-json\/wp\/v2\/tags?post=7861"}],"curies":[{"name":"wp","href":"https:\/\/api.w.org\/{rel}","templated":true}]}}