{"id":7864,"date":"2021-03-16T13:23:07","date_gmt":"2021-03-16T16:23:07","guid":{"rendered":"http:\/\/dgospel.com.br\/portal\/?p=7864"},"modified":"2021-03-16T13:23:09","modified_gmt":"2021-03-16T16:23:09","slug":"deputado-leo-barbosa-solicita-a-inclusao-de-pacientes-oncologicos-como-prioridade-da-vacinacao-contra-a-covid","status":"publish","type":"post","link":"https:\/\/dgospel.com.br\/portal\/index.php\/2021\/03\/16\/deputado-leo-barbosa-solicita-a-inclusao-de-pacientes-oncologicos-como-prioridade-da-vacinacao-contra-a-covid\/","title":{"rendered":"Deputado L\u00e9o Barbosa solicita a inclus\u00e3o de pacientes oncol\u00f3gicos como prioridade da vacina\u00e7\u00e3o contra a Covid"},"content":{"rendered":"\n<p>\n\nA inclus\u00e3o de pacientes oncol\u00f3gicos como grupo priorit\u00e1rio na fase de vacina\u00e7\u00e3o da Covid-19 foi solicitada pelo deputado estadual L\u00e9o Barbosa (Solidariedade), durante a sess\u00e3o ordin\u00e1ria desta ter\u00e7a-feira, 16, na Assembleia Legislativa do Tocantins.<br>No requerimento endere\u00e7ado ao Governo do Estado, atrav\u00e9s da Secretaria Estadual de Sa\u00fade, o parlamentar destaca que pessoas com c\u00e2ncer devem fazer parte do grupo priorit\u00e1rio para a vacina\u00e7\u00e3o, porque est\u00e3o com o sistema imunol\u00f3gico enfraquecido e precisam continuar o tratamento.<br>&#8220;Mesmo durante a pandemia, esses pacientes precisam continuar o tratamento oncol\u00f3gico, porque o c\u00e2ncer n\u00e3o faz quarentena. Eles tamb\u00e9m est\u00e3o mais expostos a risco, por conta das necess\u00e1rias e constantes visitas a unidades de sa\u00fade&#8221;, ressaltou Barbosa.<br>De acordo com uma pesquisa do grupo Oncocl\u00ednicas, realizada com 198 pacientes entre mar\u00e7o e julho de 2020, publicada no Journal of Clinical Oncology, a taxa de mortalidade entre os portadores de c\u00e2ncer que contra\u00edram o coronav\u00edrus \u00e9 de 16,7%, n\u00famero seis vezes maior do que o de mortalidade geral pela Covid-19, de 2,4%.<br>&#8220;A imuniza\u00e7\u00e3o deste grupo proporcionar\u00e1 maior al\u00edvio e seguran\u00e7a aos que est\u00e3o em tratamento e tamb\u00e9m aos seus familiares, por isso pe\u00e7o ao nosso governador e ao secret\u00e1rio de Sa\u00fade que empreendam esfor\u00e7os neste sentido&#8221;, completou o parlamentar. <br><\/p>\n","protected":false},"excerpt":{"rendered":"<p>A inclus\u00e3o de pacientes oncol\u00f3gicos como grupo priorit\u00e1rio na fase de vacina\u00e7\u00e3o da Covid-19 foi solicitada pelo deputado estadual L\u00e9o Barbosa (Solidariedade), durante a sess\u00e3o ordin\u00e1ria desta ter\u00e7a-feira, 16, na Assembleia Legislativa do Tocantins.No requerimento endere\u00e7ado ao Governo do Estado, atrav\u00e9s da Secretaria Estadual de Sa\u00fade, o parlamentar destaca que pessoas com c\u00e2ncer devem fazer [&hellip;]<\/p>\n","protected":false},"author":2,"featured_media":7867,"comment_status":"open","ping_status":"open","sticky":false,"template":"","format":"standard","meta":[],"categories":[8],"tags":[13],"_links":{"self":[{"href":"https:\/\/dgospel.com.br\/portal\/index.php\/wp-json\/wp\/v2\/posts\/7864"}],"collection":[{"href":"https:\/\/dgospel.com.br\/portal\/index.php\/wp-json\/wp\/v2\/posts"}],"about":[{"href":"https:\/\/dgospel.com.br\/portal\/index.php\/wp-json\/wp\/v2\/types\/post"}],"author":[{"embeddable":true,"href":"https:\/\/dgospel.com.br\/portal\/index.php\/wp-json\/wp\/v2\/users\/2"}],"replies":[{"embeddable":true,"href":"https:\/\/dgospel.com.br\/portal\/index.php\/wp-json\/wp\/v2\/comments?post=7864"}],"version-history":[{"count":1,"href":"https:\/\/dgospel.com.br\/portal\/index.php\/wp-json\/wp\/v2\/posts\/7864\/revisions"}],"predecessor-version":[{"id":7868,"href":"https:\/\/dgospel.com.br\/portal\/index.php\/wp-json\/wp\/v2\/posts\/7864\/revisions\/7868"}],"wp:featuredmedia":[{"embeddable":true,"href":"https:\/\/dgospel.com.br\/portal\/index.php\/wp-json\/wp\/v2\/media\/7867"}],"wp:attachment":[{"href":"https:\/\/dgospel.com.br\/portal\/index.php\/wp-json\/wp\/v2\/media?parent=7864"}],"wp:term":[{"taxonomy":"category","embeddable":true,"href":"https:\/\/dgospel.com.br\/portal\/index.php\/wp-json\/wp\/v2\/categories?post=7864"},{"taxonomy":"post_tag","embeddable":true,"href":"https:\/\/dgospel.com.br\/portal\/index.php\/wp-json\/wp\/v2\/tags?post=7864"}],"curies":[{"name":"wp","href":"https:\/\/api.w.org\/{rel}","templated":true}]}}