{"id":7869,"date":"2021-03-16T22:39:50","date_gmt":"2021-03-17T01:39:50","guid":{"rendered":"http:\/\/dgospel.com.br\/portal\/?p=7869"},"modified":"2021-03-16T22:39:52","modified_gmt":"2021-03-17T01:39:52","slug":"prefeitura-de-palmas-prorroga-decreto-que-suspende-atividades-nao-essenciais","status":"publish","type":"post","link":"https:\/\/dgospel.com.br\/portal\/index.php\/2021\/03\/16\/prefeitura-de-palmas-prorroga-decreto-que-suspende-atividades-nao-essenciais\/","title":{"rendered":"Prefeitura de Palmas prorroga decreto que suspende atividades n\u00e3o essenciais"},"content":{"rendered":"\n<p>A\nprefeitura de Palmas prorrogou nesta ter\u00e7a-feira (16) a validade do&nbsp;<strong>decreto\nmunicipal que suspendeu as atividades n\u00e3o essenciais em Palmas<\/strong>. As medidas mais\nr\u00edgidas foram impostas pela prefeitura para tentar conter o avan\u00e7o da Covid-19\nna cidade. A decis\u00e3o foi publicada no&nbsp;<strong>Di\u00e1rio Oficial do Munic\u00edpio<\/strong>&nbsp;por volta das\n22h15.<\/p>\n\n\n\n<p>O documento come\u00e7ou a\nvaler no dia 6 de mar\u00e7o e perderia a validade ap\u00f3s 10 dias.&nbsp;<strong>O novo prazo do decreto \u00e9 o dia 23 de mar\u00e7o<\/strong>. N\u00e3o\nfoi feita nenhuma mudan\u00e7a no texto.<\/p>\n\n\n\n<p>Al\u00e9m\nda suspens\u00e3o das atividades n\u00e3o essenciais, entre as medidas est\u00e3o a restri\u00e7\u00e3o\nde entrada de pessoas em alguns ambientes e a proibi\u00e7\u00e3o de delivery de comida,\nroupas ou qualquer outro produto aos domingos. Este \u00faltimo trecho acabou sendo\nquestionado na Justi\u00e7a e<strong>&nbsp;parte dos\nestabelecimentos comerciais acabaram conseguindo decis\u00f5es de car\u00e1ter liminar<\/strong>&nbsp;para realizar os\natendimentos com entregas.<\/p>\n\n\n\n<p>O texto tamb\u00e9m pro\u00edbe a realiza\u00e7\u00e3o de\neventos de qualquer natureza e aos domingos todos os estabelecimentos\ncomerciais permaneceram fechados. A exce\u00e7\u00e3o \u00e9 para postos de combust\u00edveis,\nfarm\u00e1cias, servi\u00e7os hospitalares e servi\u00e7os de hotelaria.<\/p>\n\n\n\n<p>As\nrestri\u00e7\u00f5es foram adotadas devido ao aumento de casos de coronav\u00edrus e mortes na\ncapital, al\u00e9m do relaxamento social das medidas de preven\u00e7\u00e3o. Nesta\nter\u00e7a-feira, a prefeitura disse ter percebido redu\u00e7\u00e3o na quantidade de novos\ncasos durante a dura\u00e7\u00e3o do decreto.<\/p>\n\n\n\n<p>Palmas \u00e9 a cidade mais afetada pela\npandemia no estado. Segundo a Secretaria Estadual de Sa\u00fade (SES), at\u00e9 esta\nter\u00e7a-feira (16) a cidade tinha&nbsp;<strong>32.496 casos confirmados e 311\nmortes<\/strong>.\nNa \u00faltima semana&nbsp;<strong>o munic\u00edpio registrou, pela\nprimeira vez, mais de 2 mil casos de Covid-19<\/strong>.<\/p>\n\n\n\n<p><em>Fonte: G1Tocantins <\/em><\/p>\n","protected":false},"excerpt":{"rendered":"<p>A prefeitura de Palmas prorrogou nesta ter\u00e7a-feira (16) a validade do&nbsp;decreto municipal que suspendeu as atividades n\u00e3o essenciais em Palmas. As medidas mais r\u00edgidas foram impostas pela prefeitura para tentar conter o avan\u00e7o da Covid-19 na cidade. A decis\u00e3o foi publicada no&nbsp;Di\u00e1rio Oficial do Munic\u00edpio&nbsp;por volta das 22h15. O documento come\u00e7ou a valer no dia [&hellip;]<\/p>\n","protected":false},"author":2,"featured_media":7870,"comment_status":"open","ping_status":"open","sticky":false,"template":"","format":"standard","meta":[],"categories":[3],"tags":[13],"_links":{"self":[{"href":"https:\/\/dgospel.com.br\/portal\/index.php\/wp-json\/wp\/v2\/posts\/7869"}],"collection":[{"href":"https:\/\/dgospel.com.br\/portal\/index.php\/wp-json\/wp\/v2\/posts"}],"about":[{"href":"https:\/\/dgospel.com.br\/portal\/index.php\/wp-json\/wp\/v2\/types\/post"}],"author":[{"embeddable":true,"href":"https:\/\/dgospel.com.br\/portal\/index.php\/wp-json\/wp\/v2\/users\/2"}],"replies":[{"embeddable":true,"href":"https:\/\/dgospel.com.br\/portal\/index.php\/wp-json\/wp\/v2\/comments?post=7869"}],"version-history":[{"count":1,"href":"https:\/\/dgospel.com.br\/portal\/index.php\/wp-json\/wp\/v2\/posts\/7869\/revisions"}],"predecessor-version":[{"id":7871,"href":"https:\/\/dgospel.com.br\/portal\/index.php\/wp-json\/wp\/v2\/posts\/7869\/revisions\/7871"}],"wp:featuredmedia":[{"embeddable":true,"href":"https:\/\/dgospel.com.br\/portal\/index.php\/wp-json\/wp\/v2\/media\/7870"}],"wp:attachment":[{"href":"https:\/\/dgospel.com.br\/portal\/index.php\/wp-json\/wp\/v2\/media?parent=7869"}],"wp:term":[{"taxonomy":"category","embeddable":true,"href":"https:\/\/dgospel.com.br\/portal\/index.php\/wp-json\/wp\/v2\/categories?post=7869"},{"taxonomy":"post_tag","embeddable":true,"href":"https:\/\/dgospel.com.br\/portal\/index.php\/wp-json\/wp\/v2\/tags?post=7869"}],"curies":[{"name":"wp","href":"https:\/\/api.w.org\/{rel}","templated":true}]}}