{"id":7875,"date":"2021-03-17T12:51:29","date_gmt":"2021-03-17T15:51:29","guid":{"rendered":"http:\/\/dgospel.com.br\/portal\/?p=7875"},"modified":"2021-03-17T12:51:31","modified_gmt":"2021-03-17T15:51:31","slug":"juiz-mantem-bloqueio-de-bens-de-lula-ao-mandar-processos-ao-df","status":"publish","type":"post","link":"https:\/\/dgospel.com.br\/portal\/index.php\/2021\/03\/17\/juiz-mantem-bloqueio-de-bens-de-lula-ao-mandar-processos-ao-df\/","title":{"rendered":"Juiz mant\u00e9m bloqueio de bens de Lula ao mandar processos ao DF"},"content":{"rendered":"\n<p> O juiz titular da 13\u00aa Vara Federal de Curitiba, Luiz Antonio Bonat, decidiu enviar os processos do ex-presidente Lula \u00e0 Justi\u00e7a Federal do Distrito Federal, mas manteve o bloqueio de bens do ex-presidente nas a\u00e7\u00f5es sobre supostas irregularidades na compra do terreno para a constru\u00e7\u00e3o do Instituto Lula. Segundo Bonat, o novo juiz poder\u00e1 decidir sobre o patrim\u00f4nio do pol\u00edtico. <\/p>\n\n\n\n<p> O envio acontece ap\u00f3s o ministro\u00a0<a rel=\"noreferrer noopener\" href=\"https:\/\/pleno.news\/tag\/edson-fachin\" target=\"_blank\">Edson Fachin<\/a>, do Supremo Tribunal Federal (STF), declarar \u201cincompet\u00eancia\u201d da Justi\u00e7a Federal do Paran\u00e1 para julgar processos de\u00a0<a rel=\"noreferrer noopener\" href=\"https:\/\/pleno.news\/tag\/lula\" target=\"_blank\">Lula<\/a>\u00a0no \u00e2mbito da Opera\u00e7\u00e3o Lava Jato. <\/p>\n\n\n\n<p>Segundo Bonat, a Justi\u00e7a Federal no Paran\u00e1 determinou bloqueios de bens de investigados \u2013 inclusive de Lula \u2013 em processos relacionados \u00e0s quatro a\u00e7\u00f5es que devem ser enviadas a Bras\u00edlia (triplex, s\u00edtio de Atibaia, doa\u00e7\u00f5es ao Instituto Lula e sede do Instituto Lula), e os bloqueios ser\u00e3o mantidos pois n\u00e3o foram praticados \u201cno bojo\u201d de cada uma dessas a\u00e7\u00f5es penais.<\/p>\n\n\n\n<p>No \u00faltimo dia 8 de mar\u00e7o, o ministro Edson Fachin concedeu um habeas corpus \u00e0 defesa do ex-presidente, declarando incompet\u00eancia da Justi\u00e7a Federal do Paran\u00e1 para julgar quatro processos de Lula. Com isso, o ministro anulou duas condena\u00e7\u00f5es do ex-presidente, no \u00e2mbito da Opera\u00e7\u00e3o Lava Jato, que foram julgadas no Paran\u00e1.<\/p>\n\n\n\n<p>Apesar de Fachin ter anulado as a\u00e7\u00f5es penais, Bonat cita que as medidas cautelares tramitam de forma separada e, por isso, resolveu consultar o STF e manter os bloqueios de bens. Ainda conforme a decis\u00e3o, o juiz federal afirma que, caso essa n\u00e3o seja a interpreta\u00e7\u00e3o feita pelo STF, o ministro Edson Fachin deve informar a Justi\u00e7a Federal de Curitiba para que o desbloqueio dos bens seja feito.<\/p>\n","protected":false},"excerpt":{"rendered":"<p>O juiz titular da 13\u00aa Vara Federal de Curitiba, Luiz Antonio Bonat, decidiu enviar os processos do ex-presidente Lula \u00e0 Justi\u00e7a Federal do Distrito Federal, mas manteve o bloqueio de bens do ex-presidente nas a\u00e7\u00f5es sobre supostas irregularidades na compra do terreno para a constru\u00e7\u00e3o do Instituto Lula. Segundo Bonat, o novo juiz poder\u00e1 decidir [&hellip;]<\/p>\n","protected":false},"author":2,"featured_media":7876,"comment_status":"open","ping_status":"open","sticky":false,"template":"","format":"standard","meta":[],"categories":[4],"tags":[13,14],"_links":{"self":[{"href":"https:\/\/dgospel.com.br\/portal\/index.php\/wp-json\/wp\/v2\/posts\/7875"}],"collection":[{"href":"https:\/\/dgospel.com.br\/portal\/index.php\/wp-json\/wp\/v2\/posts"}],"about":[{"href":"https:\/\/dgospel.com.br\/portal\/index.php\/wp-json\/wp\/v2\/types\/post"}],"author":[{"embeddable":true,"href":"https:\/\/dgospel.com.br\/portal\/index.php\/wp-json\/wp\/v2\/users\/2"}],"replies":[{"embeddable":true,"href":"https:\/\/dgospel.com.br\/portal\/index.php\/wp-json\/wp\/v2\/comments?post=7875"}],"version-history":[{"count":1,"href":"https:\/\/dgospel.com.br\/portal\/index.php\/wp-json\/wp\/v2\/posts\/7875\/revisions"}],"predecessor-version":[{"id":7877,"href":"https:\/\/dgospel.com.br\/portal\/index.php\/wp-json\/wp\/v2\/posts\/7875\/revisions\/7877"}],"wp:featuredmedia":[{"embeddable":true,"href":"https:\/\/dgospel.com.br\/portal\/index.php\/wp-json\/wp\/v2\/media\/7876"}],"wp:attachment":[{"href":"https:\/\/dgospel.com.br\/portal\/index.php\/wp-json\/wp\/v2\/media?parent=7875"}],"wp:term":[{"taxonomy":"category","embeddable":true,"href":"https:\/\/dgospel.com.br\/portal\/index.php\/wp-json\/wp\/v2\/categories?post=7875"},{"taxonomy":"post_tag","embeddable":true,"href":"https:\/\/dgospel.com.br\/portal\/index.php\/wp-json\/wp\/v2\/tags?post=7875"}],"curies":[{"name":"wp","href":"https:\/\/api.w.org\/{rel}","templated":true}]}}