{"id":788,"date":"2018-07-18T23:38:44","date_gmt":"2018-07-19T02:38:44","guid":{"rendered":"http:\/\/dgospel.com.br\/portal\/?p=788"},"modified":"2018-07-18T23:38:44","modified_gmt":"2018-07-19T02:38:44","slug":"executiva-do-ptb-aprova-coligacao-com-psdb-e-apoio-a-alckmin-na-eleicao-presidencial","status":"publish","type":"post","link":"https:\/\/dgospel.com.br\/portal\/index.php\/2018\/07\/18\/executiva-do-ptb-aprova-coligacao-com-psdb-e-apoio-a-alckmin-na-eleicao-presidencial\/","title":{"rendered":"Executiva do PTB aprova coliga\u00e7\u00e3o com PSDB e apoio a Alckmin na elei\u00e7\u00e3o presidencial"},"content":{"rendered":"<p>A Executiva Nacional do\u00a0<strong>PTB aprovou hoje, por unanimidade, alian\u00e7a com o pr\u00e9-candidato do PSDB, Geraldo Alckmin, na corrida presidencial<\/strong>. A presen\u00e7a do partido na coliga\u00e7\u00e3o ser\u00e1 oficializada na Conven\u00e7\u00e3o Nacional do PTB, em 28 de julho.<\/p>\n<p>O documento aprovado pela Executiva do PTB classifica Alckmin como o nome capaz de pacificar o pa\u00eds. &#8220;\u00c9 gestor s\u00e9rio e prudente. J\u00e1 foi vereador, prefeito, deputado federal vice-governador e governador de S\u00e3o Paulo por quatro vezes, fazendo uma administra\u00e7\u00e3o s\u00e1bia, equilibrada, respons\u00e1vel e exitosa. Sabe ouvir e tomar decis\u00e3o. Essa experi\u00eancia \u00edmpar e suas virtudes o qualificam para realizar as reformas necess\u00e1rias para que o Brasil recupere sua confian\u00e7a&#8221;, diz o texto.<\/p>\n","protected":false},"excerpt":{"rendered":"<p>A Executiva Nacional do\u00a0PTB aprovou hoje, por unanimidade, alian\u00e7a com o pr\u00e9-candidato do PSDB, Geraldo Alckmin, na corrida presidencial. A presen\u00e7a do partido na coliga\u00e7\u00e3o ser\u00e1 oficializada na Conven\u00e7\u00e3o Nacional do PTB, em 28 de julho. O documento aprovado pela Executiva do PTB classifica Alckmin como o nome capaz de pacificar o pa\u00eds. &#8220;\u00c9 gestor [&hellip;]<\/p>\n","protected":false},"author":2,"featured_media":790,"comment_status":"open","ping_status":"open","sticky":false,"template":"","format":"standard","meta":[],"categories":[2,4],"tags":[],"_links":{"self":[{"href":"https:\/\/dgospel.com.br\/portal\/index.php\/wp-json\/wp\/v2\/posts\/788"}],"collection":[{"href":"https:\/\/dgospel.com.br\/portal\/index.php\/wp-json\/wp\/v2\/posts"}],"about":[{"href":"https:\/\/dgospel.com.br\/portal\/index.php\/wp-json\/wp\/v2\/types\/post"}],"author":[{"embeddable":true,"href":"https:\/\/dgospel.com.br\/portal\/index.php\/wp-json\/wp\/v2\/users\/2"}],"replies":[{"embeddable":true,"href":"https:\/\/dgospel.com.br\/portal\/index.php\/wp-json\/wp\/v2\/comments?post=788"}],"version-history":[{"count":1,"href":"https:\/\/dgospel.com.br\/portal\/index.php\/wp-json\/wp\/v2\/posts\/788\/revisions"}],"predecessor-version":[{"id":791,"href":"https:\/\/dgospel.com.br\/portal\/index.php\/wp-json\/wp\/v2\/posts\/788\/revisions\/791"}],"wp:featuredmedia":[{"embeddable":true,"href":"https:\/\/dgospel.com.br\/portal\/index.php\/wp-json\/wp\/v2\/media\/790"}],"wp:attachment":[{"href":"https:\/\/dgospel.com.br\/portal\/index.php\/wp-json\/wp\/v2\/media?parent=788"}],"wp:term":[{"taxonomy":"category","embeddable":true,"href":"https:\/\/dgospel.com.br\/portal\/index.php\/wp-json\/wp\/v2\/categories?post=788"},{"taxonomy":"post_tag","embeddable":true,"href":"https:\/\/dgospel.com.br\/portal\/index.php\/wp-json\/wp\/v2\/tags?post=788"}],"curies":[{"name":"wp","href":"https:\/\/api.w.org\/{rel}","templated":true}]}}