{"id":7881,"date":"2021-03-17T13:22:13","date_gmt":"2021-03-17T16:22:13","guid":{"rendered":"http:\/\/dgospel.com.br\/portal\/?p=7881"},"modified":"2021-03-17T13:22:14","modified_gmt":"2021-03-17T16:22:14","slug":"lideres-evangelicos-se-reunem-com-bolsonaro-e-declaram-jejum-pela-nacao","status":"publish","type":"post","link":"https:\/\/dgospel.com.br\/portal\/index.php\/2021\/03\/17\/lideres-evangelicos-se-reunem-com-bolsonaro-e-declaram-jejum-pela-nacao\/","title":{"rendered":"L\u00edderes evang\u00e9licos se re\u00fanem com Bolsonaro e declaram Jejum pela Na\u00e7\u00e3o"},"content":{"rendered":"\n<p>O presidente da Rep\u00fablica,&nbsp;<strong><a href=\"https:\/\/guiame.com.br\/gospel\/noticias\/o-brasil-e-um-pais-cristao-conservador-e-tem-na-familia-sua-base-diz-bolsonaro-na-onu.html\">Jair Bolsonaro<\/a><\/strong>, recebeu, na tarde desta segunda-feira (15) em Bras\u00edlia, algumas lideran\u00e7as evang\u00e9licas brasileiras. Ao lado do presidente, os pastores anunciaram um Jejum pelo Brasil a ser realizado em 29 de mar\u00e7o.<\/p>\n\n\n\n<p>\u201cComo Josaf\u00e1 fez, chamando todo Israel para jejuar, n\u00f3s queremos chamar todo o povo de Deus, todas as pessoas crist\u00e3s, que queiram fazer um jejum em favor da na\u00e7\u00e3o brasileira para que haja paz, para que haja prosperidade na nossa na\u00e7\u00e3o\u201d, declararam o Pr. Silas Malafaia (Assembleia de Deus Vit\u00f3ria em Cristo, no Rio de Janeiro) e o Ap. C\u00e9sar Augusto (Igreja Apost\u00f3lica Fonte da Vida, em Goi\u00e2nia).<\/p>\n\n\n\n<p>Malafaia, que postou o v\u00eddeo do encontro em seu perfil do Instagram, disse que \u201c\u00e9 uma convoca\u00e7\u00e3o geral para jejuarmos em prol da nossa na\u00e7\u00e3o\u201d.<\/p>\n\n\n\n<p>Tamb\u00e9m participaram do encontro os pastores Samuel C\u00e2mara (Assembleia de Deus em Bel\u00e9m, no Par\u00e1) e Abner Ferreira (Assembleia de Deus Madureira, no Rio de Janeiro), e pelos ap\u00f3stolos Ren\u00ea Terra Nova (Minist\u00e9rio Internacional da Restaura\u00e7\u00e3o, em Manaus) e Estevam Hernandes (Igreja Renascer em Cristo, em S\u00e3o Paulo), Bolsonaro agradeceu \u201ca todos que nesse jejum o est\u00e3o fazendo pelo futuro do nosso Brasil\u201d.<\/p>\n\n\n\n<p>Em 2020, no in\u00edcio da pandemia, o presidente Jair Bolsonaro pediu ao povo que fizesse um dia de&nbsp;<strong><a href=\"https:\/\/guiame.com.br\/gospel\/mundo-cristao\/bolsonaro-proclama-jejum-pelo-brasil-no-proximo-domingo.html\">jejum para interceder pelo Brasil<\/a><\/strong>&nbsp;contra o coronav\u00edrus.<\/p>\n\n\n\n<p>O pedido se deu ap\u00f3s atender um grupo de pastores no Pal\u00e1cio da Alvorada. \u201cTenho certeza que o Brasil sair\u00e1 dessa muito mais forte\u201d, disse Bolsonaro na \u00e9poca, agradecendo \u00e0queles que t\u00eam f\u00e9.<\/p>\n\n\n\n<p>\n\nFONTE: GUIAME\n\n<\/p>\n","protected":false},"excerpt":{"rendered":"<p>O presidente da Rep\u00fablica,&nbsp;Jair Bolsonaro, recebeu, na tarde desta segunda-feira (15) em Bras\u00edlia, algumas lideran\u00e7as evang\u00e9licas brasileiras. Ao lado do presidente, os pastores anunciaram um Jejum pelo Brasil a ser realizado em 29 de mar\u00e7o. \u201cComo Josaf\u00e1 fez, chamando todo Israel para jejuar, n\u00f3s queremos chamar todo o povo de Deus, todas as pessoas crist\u00e3s, [&hellip;]<\/p>\n","protected":false},"author":2,"featured_media":7882,"comment_status":"open","ping_status":"open","sticky":false,"template":"","format":"standard","meta":[],"categories":[5],"tags":[],"_links":{"self":[{"href":"https:\/\/dgospel.com.br\/portal\/index.php\/wp-json\/wp\/v2\/posts\/7881"}],"collection":[{"href":"https:\/\/dgospel.com.br\/portal\/index.php\/wp-json\/wp\/v2\/posts"}],"about":[{"href":"https:\/\/dgospel.com.br\/portal\/index.php\/wp-json\/wp\/v2\/types\/post"}],"author":[{"embeddable":true,"href":"https:\/\/dgospel.com.br\/portal\/index.php\/wp-json\/wp\/v2\/users\/2"}],"replies":[{"embeddable":true,"href":"https:\/\/dgospel.com.br\/portal\/index.php\/wp-json\/wp\/v2\/comments?post=7881"}],"version-history":[{"count":1,"href":"https:\/\/dgospel.com.br\/portal\/index.php\/wp-json\/wp\/v2\/posts\/7881\/revisions"}],"predecessor-version":[{"id":7883,"href":"https:\/\/dgospel.com.br\/portal\/index.php\/wp-json\/wp\/v2\/posts\/7881\/revisions\/7883"}],"wp:featuredmedia":[{"embeddable":true,"href":"https:\/\/dgospel.com.br\/portal\/index.php\/wp-json\/wp\/v2\/media\/7882"}],"wp:attachment":[{"href":"https:\/\/dgospel.com.br\/portal\/index.php\/wp-json\/wp\/v2\/media?parent=7881"}],"wp:term":[{"taxonomy":"category","embeddable":true,"href":"https:\/\/dgospel.com.br\/portal\/index.php\/wp-json\/wp\/v2\/categories?post=7881"},{"taxonomy":"post_tag","embeddable":true,"href":"https:\/\/dgospel.com.br\/portal\/index.php\/wp-json\/wp\/v2\/tags?post=7881"}],"curies":[{"name":"wp","href":"https:\/\/api.w.org\/{rel}","templated":true}]}}